{"id":310168,"date":"2014-04-13T00:00:00","date_gmt":"2014-04-12T22:00:00","guid":{"rendered":"https:\/\/www.promajna-tours.hr\/makarska-apartmany-misto-pro-vas\/"},"modified":"2014-04-13T00:00:00","modified_gmt":"2014-04-12T22:00:00","slug":"makarska-apartmany-misto-pro-vas","status":"publish","type":"post","link":"https:\/\/www.promajna-tours.hr\/cs\/makarska-apartmany-misto-pro-vas\/","title":{"rendered":"Makarska apartm\u00e1ny m\u00edsto pro v\u00e1s"},"content":{"rendered":"<p>Makarska apartm\u00e1ny m\u00edsto pro v\u00e1s<\/p>\n<p><span id=\"result_box\" lang=\"cs\"><span title=\"Makarska as the second largest city in Central Dalmatia is the center of the tourist destination Makarska Riviera .\">Makarska jako druh\u00e9 nejv\u011bt\u0161\u00ed m\u011bsto ve st\u0159edn\u00ed Dalm\u00e1cii , je centrem turistick\u00e9 destinace Makarsk\u00e1 rivi\u00e9ra . Makarsk\u00e1 rivi\u00e9ra se na Istrii a Dubrovnick\u00e9 rivi\u00e9\u0159e je nejv\u00edce popul\u00e1rn\u00ed chorvatsk\u00fd turistick\u00fd region . Makarsk\u00e1 rivi\u00e9ra se rozprost\u00edr\u00e1 na d\u00e9lce asi 70 km od Brela do Gradacu . Makarska jako hlavn\u00ed centrum Makarsk\u00e9 rivi\u00e9ry je nejv\u011bt\u0161\u00ed m\u011bsto s nejv\u011bt\u0161\u00edm po\u010dtem hotel\u016f a ubytov\u00e1n\u00ed v soukrom\u00ed . <a title=\"Makarska apartm\u00e1ny\" href=\"https:\/\/www.promajna-tours.hr\/cs\/\">Makarska ubytov\u00e1n\u00ed<\/a> zahrnuje kategori\u00ed Makarska apartm\u00e1ny , Makarska vilu s baz\u00e9nem a Makarska rekrea\u010dn\u00ed domy . Makarska apartm\u00e1ny nab\u00edzej\u00ed \u0161irok\u00fd v\u00fdb\u011br byt\u016f . Makarska apartm\u00e1ny v bl\u00edzkosti pl\u00e1\u017ee , Makarska apartm\u00e1ny s v\u00fdhledem na mo\u0159e a podobn\u011b jsou jen n\u011bkter\u00e9 z kategori\u00ed , kter\u00e9 m\u016f\u017eete naj\u00edt v kategorii Makarska apartm\u00e1ny . Pro ty, kte\u0159\u00ed s n\u011bkter\u00fdmi zvl\u00e1\u0161tn\u00edmi po\u017eadavky jsou kategorie Makarska rekrea\u010dn\u00ed domy a Makarska vily s baz\u00e9nem .<br \/>\nMakarska krom\u011b ubytov\u00e1n\u00ed v soukrom\u00ed nab\u00edz\u00ed pohodl\u00ed a komfort ubytov\u00e1n\u00ed v hotelu . Makarska hotely kategorie, kter\u00e1 p\u0159in\u00e1\u0161\u00ed nej\u0161ir\u0161\u00ed v\u00fdb\u011br hotel\u016f v Makarska .<br \/>\nPro v\u0161echny n\u00e1v\u0161t\u011bvn\u00edky Makarska krom\u011b kvalitn\u00edho ubytov\u00e1n\u00ed m\u00e1 je\u0161t\u011b hodn\u011b co nab\u00eddnout . Snadnejslavn\u011bj\u0161\u00ed ze v\u0161ech atrakc\u00ed Makarska, Makarska je Riva . To je centrum v\u0161eho d\u011bn\u00ed a to jak v l\u00e9t\u011b iv zim\u011b . V l\u00e9t\u011b se na mo\u0159e na stran\u011b promen\u00e1dy souvisej\u00edc\u00ed turistick\u00e9 lod\u011b , kter\u00e9 nab\u00edzej\u00ed jednodenn\u00ed v\u00fdlety na ostrovy Bra\u010d a Hvar . Na druh\u00e9 stran\u011b promen\u00e1dy , tam jsou \u010detn\u00e9 bary a restaurace . Jednou z hlavn\u00edch atrakc\u00ed je tak\u00e9m\u00edzou star\u00e9ho m\u011bsta ulice Kalalarga . Jakmile je hlavn\u00ed centrum m\u011bsta ,nejzn\u00e1m\u011bj\u0161\u00ed promen\u00e1d\u011b pln\u00e9 obch\u016fdk\u016f . Nejlep\u0161\u00ed v\u011bc, kterou Kalelarga nab\u00edz\u00ed na sam\u00e9m za\u010d\u00e1tku je taverna se stejn\u00fdm n\u00e1zvem . Tavern Kalelarga za\u0159\u00edzen\u00e9 v tradi\u010dn\u00edm dalmatsk\u00e9m stylu nab\u00edz\u00ed nejlep\u0161\u00ed dalmatsk\u00e9 speciality z masa a ryb . Krom\u011b hospody Kalalarga v Makarsk\u00e9 je st\u00e1levelk\u00e9 mno\u017estv\u00ed restaurac\u00ed , ze kter\u00fdch bychom mohli extrahovat restauraci Ivo a Mondo . To jsou dv\u011b m\u00edsta, kde je dobr\u00e9 j\u00eddlo prost\u011b zaru\u010den\u00e9 .<br \/>\nPro ty, kte\u0159\u00ed hledaj\u00ed z\u00e1bavu Makarska nab\u00edz\u00ed bohat\u00fd no\u010dn\u00ed \u017eivot . Buba Beach Bar je m\u00edsto, kde z\u00e1bava nikdy nekon\u010d\u00ed . Buba Beach Bar se nach\u00e1z\u00ed v mal\u00e9 z\u00e1toce s kr\u00e1snou pl\u00e1\u017e\u00ed . Cel\u00fd den s dobrou hudbou , se n\u00e1v\u0161t\u011bvn\u00edci mohou vychutnat koktejly , opalov\u00e1n\u00ed , koup\u00e1n\u00ed a tanec . Ve ve\u010dern\u00edch hodin\u00e1ch ,m\u00edsto, kde se konaj\u00ed \u010detn\u00e9 koncerty techno, house a dal\u0161\u00ed druhy hudby . Pr\u00e1ce a\u00fa\u010dast sv\u011btov\u011b proslul\u00fdch DJs a m\u00edstn\u00edch rockov\u00fdch kapel . Krom\u011b Buba baru jsou tak\u00e9 dva disky Peter Pan a Deep . Deep Diskot\u00e9ka se nach\u00e1z\u00ed v jeskyni a m\u00edsto je dobr\u00e1 hudba a bl\u00e1zniv\u00e9 strany . Diskot\u00e9ka Peter Pan se konaj\u00ed koncerty nejv\u011bt\u0161\u00edch chorvatsk\u00fdch zp\u011bv\u00e1k\u016f .<br \/>\nKrom\u011b t\u011bchto t\u0159\u00ed m\u00edst v Makarsk\u00e9 jen\u011bkolik bar\u016f , kter\u00e9 jsou otev\u0159eny a\u017e do \u010dasn\u00fdch rann\u00edch hodin a bude poskytovat dobrou z\u00e1bavu .<br \/>\nKa\u017ed\u00fd p\u00e1tek v Makarsk\u00e9 n\u00e1b\u0159e\u017e\u00ed kon\u00e1 no\u010dn\u00ed ryba\u0159en\u00ed , kde Makarska stravov\u00e1n\u00ed nab\u00eddnout sv\u00e9 speciality pro v\u0161echny n\u00e1v\u0161t\u011bvn\u00edky . Krom\u011b dalmatsk\u00fdch specialit v rybolovn\u00e9 noci si m\u016f\u017eete vychutnat v dobr\u00fdch koncert\u016f a r\u016fzn\u00fdch her \u200b\u200b.<br \/>\nPro ty, kte\u0159\u00ed cht\u011bj\u00edv\u011bt\u0161\u00ed klid z\u00e1bava doporu\u010dujeme Makarska horsk\u00e9 vesni\u010dky , kde se \u010dasto konaj\u00ed kulturn\u00ed ve\u010dery a m\u016f\u017eete vyzkou\u0161et n\u011bkter\u00e9 tradi\u010dn\u00ed j\u00eddla .<br \/>\nJak Makarska nejnav\u0161t\u011bvovan\u011bj\u0161\u00ed v \u010dervenci a srpnu , doporu\u010dujeme vych\u00e1zej\u00edc\u00ed z t\u011bchto dvou m\u011bs\u00edc\u016f.<a title=\"Makarska apartm\u00e1ny\" href=\"https:\/\/www.promajna-tours.hr\/cs\/\"> Makarska apartm\u00e1ny<\/a> v \u010dervnu a z\u00e1\u0159\u00ed , krom\u011b toho, \u017ee nab\u00edzej\u00ed v\u011bt\u0161\u00ed v\u00fdb\u011br , nab\u00eddnout ni\u017e\u0161\u00ed ceny . V\u0161ichni ti, kte\u0159\u00ed mohou p\u0159ij\u00edt v \u010dervnu a z\u00e1\u0159\u00ed jist\u011b pot\u011b\u0161\u00ed v\u0161echny , aby Makarska nab\u00eddky , ale za ni\u017e\u0161\u00ed cenu .<br \/>\nPokud jste se je\u0161t\u011b nerozhodly , kde budete tr\u00e1vit svou dovolenou , Makarska apartm\u00e1ny v\u00e1s zve na ochutn\u00e1vku z toho, co Makarska nab\u00edz\u00ed .<\/span><span title=\"If you have not yet decided where you will spend your holidays, Makarska apartments invite you to taste of what Makarska offers .\"><br \/>\n<\/span><\/span><\/p>\n<p>Nav\u0161tivte n\u00e1s na Facebooku : <a title=\"Sunshine Republic of Promajna\" href=\"http:\/\/www.facebook.com\/sunshine.promajna\">https:\/\/www.facebook.com\/sunshine.promajna<\/a><\/p>\n","protected":false},"excerpt":{"rendered":"<p>Makarska apartm\u00e1ny m\u00edsto pro v\u00e1s Makarska jako druh\u00e9 nejv\u011bt\u0161\u00ed m\u011bsto ve st\u0159edn\u00ed Dalm\u00e1cii , je centrem turistick\u00e9 destinace Makarsk\u00e1 rivi\u00e9ra . Makarsk\u00e1 rivi\u00e9ra se na Istrii a Dubrovnick\u00e9 rivi\u00e9\u0159e je nejv\u00edce popul\u00e1rn\u00ed chorvatsk\u00fd turistick\u00fd region . Makarsk\u00e1 rivi\u00e9ra se rozprost\u00edr\u00e1 na d\u00e9lce asi 70 km od Brela do Gradacu . Makarska jako hlavn\u00ed centrum Makarsk\u00e9&#8230;<\/p>\n","protected":false},"author":1,"featured_media":0,"comment_status":"closed","ping_status":"closed","sticky":false,"template":"","format":"standard","meta":[],"categories":[304],"tags":[],"acf":[],"yoast_head":"<!-- This site is optimized with the Yoast SEO plugin v20.6 - https:\/\/yoast.com\/wordpress\/plugins\/seo\/ -->\n<title>Makarska apartm\u00e1ny m\u00edsto pro v\u00e1s - Promajna Tours<\/title>\n<meta name=\"robots\" content=\"index, follow, max-snippet:-1, max-image-preview:large, max-video-preview:-1\" \/>\n<link rel=\"canonical\" href=\"https:\/\/www.promajna-tours.hr\/cs\/makarska-apartmany-misto-pro-vas\/\" \/>\n<meta property=\"og:locale\" content=\"cs_CZ\" \/>\n<meta property=\"og:type\" content=\"article\" \/>\n<meta property=\"og:title\" content=\"Makarska apartm\u00e1ny m\u00edsto pro v\u00e1s - Promajna Tours\" \/>\n<meta property=\"og:description\" content=\"Makarska apartm\u00e1ny m\u00edsto pro v\u00e1s Makarska jako druh\u00e9 nejv\u011bt\u0161\u00ed m\u011bsto ve st\u0159edn\u00ed Dalm\u00e1cii , je centrem turistick\u00e9 destinace Makarsk\u00e1 rivi\u00e9ra . Makarsk\u00e1 rivi\u00e9ra se na Istrii a Dubrovnick\u00e9 rivi\u00e9\u0159e je nejv\u00edce popul\u00e1rn\u00ed chorvatsk\u00fd turistick\u00fd region . Makarsk\u00e1 rivi\u00e9ra se rozprost\u00edr\u00e1 na d\u00e9lce asi 70 km od Brela do Gradacu . Makarska jako hlavn\u00ed centrum Makarsk\u00e9...\" \/>\n<meta property=\"og:url\" content=\"https:\/\/www.promajna-tours.hr\/cs\/makarska-apartmany-misto-pro-vas\/\" \/>\n<meta property=\"og:site_name\" content=\"Promajna Tours\" \/>\n<meta property=\"article:publisher\" content=\"https:\/\/www.facebook.com\/promajnatoursHR\/\" \/>\n<meta property=\"article:published_time\" content=\"2014-04-12T22:00:00+00:00\" \/>\n<meta property=\"og:image\" content=\"https:\/\/www.promajna-tours.hr\/wp-content\/uploads\/2022\/02\/hvar-1.jpg\" \/>\n\t<meta property=\"og:image:width\" content=\"1024\" \/>\n\t<meta property=\"og:image:height\" content=\"768\" \/>\n\t<meta property=\"og:image:type\" content=\"image\/jpeg\" \/>\n<meta name=\"author\" content=\"Promajna\" \/>\n<meta name=\"twitter:card\" content=\"summary_large_image\" \/>\n<meta name=\"twitter:creator\" content=\"@promajnatours\" \/>\n<meta name=\"twitter:site\" content=\"@promajnatours\" \/>\n<meta name=\"twitter:label1\" content=\"Napsal(a)\" \/>\n\t<meta name=\"twitter:data1\" content=\"Promajna\" \/>\n\t<meta name=\"twitter:label2\" content=\"Odhadovan\u00e1 doba \u010dten\u00ed\" \/>\n\t<meta name=\"twitter:data2\" content=\"4 minuty\" \/>\n<script type=\"application\/ld+json\" class=\"yoast-schema-graph\">{\"@context\":\"https:\/\/schema.org\",\"@graph\":[{\"@type\":\"Article\",\"@id\":\"https:\/\/www.promajna-tours.hr\/cs\/makarska-apartmany-misto-pro-vas\/#article\",\"isPartOf\":{\"@id\":\"https:\/\/www.promajna-tours.hr\/cs\/makarska-apartmany-misto-pro-vas\/\"},\"author\":{\"name\":\"Promajna\",\"@id\":\"https:\/\/www.promajna-tours.hr\/#\/schema\/person\/30cdf7862e38ec80cb2777061b6c27c0\"},\"headline\":\"Makarska apartm\u00e1ny m\u00edsto pro v\u00e1s\",\"datePublished\":\"2014-04-12T22:00:00+00:00\",\"dateModified\":\"2014-04-12T22:00:00+00:00\",\"mainEntityOfPage\":{\"@id\":\"https:\/\/www.promajna-tours.hr\/cs\/makarska-apartmany-misto-pro-vas\/\"},\"wordCount\":748,\"publisher\":{\"@id\":\"https:\/\/www.promajna-tours.hr\/#organization\"},\"articleSection\":[\"Zpr\u00e1vy\"],\"inLanguage\":\"cs\"},{\"@type\":\"WebPage\",\"@id\":\"https:\/\/www.promajna-tours.hr\/cs\/makarska-apartmany-misto-pro-vas\/\",\"url\":\"https:\/\/www.promajna-tours.hr\/cs\/makarska-apartmany-misto-pro-vas\/\",\"name\":\"Makarska apartm\u00e1ny m\u00edsto pro v\u00e1s - Promajna Tours\",\"isPartOf\":{\"@id\":\"https:\/\/www.promajna-tours.hr\/#website\"},\"datePublished\":\"2014-04-12T22:00:00+00:00\",\"dateModified\":\"2014-04-12T22:00:00+00:00\",\"breadcrumb\":{\"@id\":\"https:\/\/www.promajna-tours.hr\/cs\/makarska-apartmany-misto-pro-vas\/#breadcrumb\"},\"inLanguage\":\"cs\",\"potentialAction\":[{\"@type\":\"ReadAction\",\"target\":[\"https:\/\/www.promajna-tours.hr\/cs\/makarska-apartmany-misto-pro-vas\/\"]}]},{\"@type\":\"BreadcrumbList\",\"@id\":\"https:\/\/www.promajna-tours.hr\/cs\/makarska-apartmany-misto-pro-vas\/#breadcrumb\",\"itemListElement\":[{\"@type\":\"ListItem\",\"position\":1,\"name\":\"Po\u010detna stranica\",\"item\":\"https:\/\/www.promajna-tours.hr\/cs\/\"},{\"@type\":\"ListItem\",\"position\":2,\"name\":\"Makarska apartm\u00e1ny m\u00edsto pro v\u00e1s\"}]},{\"@type\":\"WebSite\",\"@id\":\"https:\/\/www.promajna-tours.hr\/#website\",\"url\":\"https:\/\/www.promajna-tours.hr\/\",\"name\":\"Promajna Tours\",\"description\":\"Apartmani Makarska rivijera\",\"publisher\":{\"@id\":\"https:\/\/www.promajna-tours.hr\/#organization\"},\"potentialAction\":[{\"@type\":\"SearchAction\",\"target\":{\"@type\":\"EntryPoint\",\"urlTemplate\":\"https:\/\/www.promajna-tours.hr\/?s={search_term_string}\"},\"query-input\":\"required name=search_term_string\"}],\"inLanguage\":\"cs\"},{\"@type\":\"Organization\",\"@id\":\"https:\/\/www.promajna-tours.hr\/#organization\",\"name\":\"Promajna Tours d.o.o.\",\"url\":\"https:\/\/www.promajna-tours.hr\/\",\"logo\":{\"@type\":\"ImageObject\",\"inLanguage\":\"cs\",\"@id\":\"https:\/\/www.promajna-tours.hr\/#\/schema\/logo\/image\/\",\"url\":\"https:\/\/www.promajna-tours.hr\/wp-content\/uploads\/2021\/11\/logo-novi.png\",\"contentUrl\":\"https:\/\/www.promajna-tours.hr\/wp-content\/uploads\/2021\/11\/logo-novi.png\",\"width\":216,\"height\":129,\"caption\":\"Promajna Tours d.o.o.\"},\"image\":{\"@id\":\"https:\/\/www.promajna-tours.hr\/#\/schema\/logo\/image\/\"},\"sameAs\":[\"https:\/\/www.facebook.com\/promajnatoursHR\/\",\"https:\/\/twitter.com\/promajnatours\",\"https:\/\/www.instagram.com\/promajnatours\/\",\"https:\/\/www.youtube.com\/channel\/UCMDAfrJ-MCRDYzjXTBoVIXA\"]},{\"@type\":\"Person\",\"@id\":\"https:\/\/www.promajna-tours.hr\/#\/schema\/person\/30cdf7862e38ec80cb2777061b6c27c0\",\"name\":\"Promajna\",\"sameAs\":[\"https:\/\/www.promajna-tours.hr\"],\"url\":\"https:\/\/www.promajna-tours.hr\/cs\/author\/dubravko\/\"}]}<\/script>\n<!-- \/ Yoast SEO plugin. -->","yoast_head_json":{"title":"Makarska apartm\u00e1ny m\u00edsto pro v\u00e1s - Promajna Tours","robots":{"index":"index","follow":"follow","max-snippet":"max-snippet:-1","max-image-preview":"max-image-preview:large","max-video-preview":"max-video-preview:-1"},"canonical":"https:\/\/www.promajna-tours.hr\/cs\/makarska-apartmany-misto-pro-vas\/","og_locale":"cs_CZ","og_type":"article","og_title":"Makarska apartm\u00e1ny m\u00edsto pro v\u00e1s - Promajna Tours","og_description":"Makarska apartm\u00e1ny m\u00edsto pro v\u00e1s Makarska jako druh\u00e9 nejv\u011bt\u0161\u00ed m\u011bsto ve st\u0159edn\u00ed Dalm\u00e1cii , je centrem turistick\u00e9 destinace Makarsk\u00e1 rivi\u00e9ra . Makarsk\u00e1 rivi\u00e9ra se na Istrii a Dubrovnick\u00e9 rivi\u00e9\u0159e je nejv\u00edce popul\u00e1rn\u00ed chorvatsk\u00fd turistick\u00fd region . Makarsk\u00e1 rivi\u00e9ra se rozprost\u00edr\u00e1 na d\u00e9lce asi 70 km od Brela do Gradacu . Makarska jako hlavn\u00ed centrum Makarsk\u00e9...","og_url":"https:\/\/www.promajna-tours.hr\/cs\/makarska-apartmany-misto-pro-vas\/","og_site_name":"Promajna Tours","article_publisher":"https:\/\/www.facebook.com\/promajnatoursHR\/","article_published_time":"2014-04-12T22:00:00+00:00","og_image":[{"width":1024,"height":768,"url":"https:\/\/www.promajna-tours.hr\/wp-content\/uploads\/2022\/02\/hvar-1.jpg","type":"image\/jpeg"}],"author":"Promajna","twitter_card":"summary_large_image","twitter_creator":"@promajnatours","twitter_site":"@promajnatours","twitter_misc":{"Napsal(a)":"Promajna","Odhadovan\u00e1 doba \u010dten\u00ed":"4 minuty"},"schema":{"@context":"https:\/\/schema.org","@graph":[{"@type":"Article","@id":"https:\/\/www.promajna-tours.hr\/cs\/makarska-apartmany-misto-pro-vas\/#article","isPartOf":{"@id":"https:\/\/www.promajna-tours.hr\/cs\/makarska-apartmany-misto-pro-vas\/"},"author":{"name":"Promajna","@id":"https:\/\/www.promajna-tours.hr\/#\/schema\/person\/30cdf7862e38ec80cb2777061b6c27c0"},"headline":"Makarska apartm\u00e1ny m\u00edsto pro v\u00e1s","datePublished":"2014-04-12T22:00:00+00:00","dateModified":"2014-04-12T22:00:00+00:00","mainEntityOfPage":{"@id":"https:\/\/www.promajna-tours.hr\/cs\/makarska-apartmany-misto-pro-vas\/"},"wordCount":748,"publisher":{"@id":"https:\/\/www.promajna-tours.hr\/#organization"},"articleSection":["Zpr\u00e1vy"],"inLanguage":"cs"},{"@type":"WebPage","@id":"https:\/\/www.promajna-tours.hr\/cs\/makarska-apartmany-misto-pro-vas\/","url":"https:\/\/www.promajna-tours.hr\/cs\/makarska-apartmany-misto-pro-vas\/","name":"Makarska apartm\u00e1ny m\u00edsto pro v\u00e1s - Promajna Tours","isPartOf":{"@id":"https:\/\/www.promajna-tours.hr\/#website"},"datePublished":"2014-04-12T22:00:00+00:00","dateModified":"2014-04-12T22:00:00+00:00","breadcrumb":{"@id":"https:\/\/www.promajna-tours.hr\/cs\/makarska-apartmany-misto-pro-vas\/#breadcrumb"},"inLanguage":"cs","potentialAction":[{"@type":"ReadAction","target":["https:\/\/www.promajna-tours.hr\/cs\/makarska-apartmany-misto-pro-vas\/"]}]},{"@type":"BreadcrumbList","@id":"https:\/\/www.promajna-tours.hr\/cs\/makarska-apartmany-misto-pro-vas\/#breadcrumb","itemListElement":[{"@type":"ListItem","position":1,"name":"Po\u010detna stranica","item":"https:\/\/www.promajna-tours.hr\/cs\/"},{"@type":"ListItem","position":2,"name":"Makarska apartm\u00e1ny m\u00edsto pro v\u00e1s"}]},{"@type":"WebSite","@id":"https:\/\/www.promajna-tours.hr\/#website","url":"https:\/\/www.promajna-tours.hr\/","name":"Promajna Tours","description":"Apartmani Makarska rivijera","publisher":{"@id":"https:\/\/www.promajna-tours.hr\/#organization"},"potentialAction":[{"@type":"SearchAction","target":{"@type":"EntryPoint","urlTemplate":"https:\/\/www.promajna-tours.hr\/?s={search_term_string}"},"query-input":"required name=search_term_string"}],"inLanguage":"cs"},{"@type":"Organization","@id":"https:\/\/www.promajna-tours.hr\/#organization","name":"Promajna Tours d.o.o.","url":"https:\/\/www.promajna-tours.hr\/","logo":{"@type":"ImageObject","inLanguage":"cs","@id":"https:\/\/www.promajna-tours.hr\/#\/schema\/logo\/image\/","url":"https:\/\/www.promajna-tours.hr\/wp-content\/uploads\/2021\/11\/logo-novi.png","contentUrl":"https:\/\/www.promajna-tours.hr\/wp-content\/uploads\/2021\/11\/logo-novi.png","width":216,"height":129,"caption":"Promajna Tours d.o.o."},"image":{"@id":"https:\/\/www.promajna-tours.hr\/#\/schema\/logo\/image\/"},"sameAs":["https:\/\/www.facebook.com\/promajnatoursHR\/","https:\/\/twitter.com\/promajnatours","https:\/\/www.instagram.com\/promajnatours\/","https:\/\/www.youtube.com\/channel\/UCMDAfrJ-MCRDYzjXTBoVIXA"]},{"@type":"Person","@id":"https:\/\/www.promajna-tours.hr\/#\/schema\/person\/30cdf7862e38ec80cb2777061b6c27c0","name":"Promajna","sameAs":["https:\/\/www.promajna-tours.hr"],"url":"https:\/\/www.promajna-tours.hr\/cs\/author\/dubravko\/"}]}},"_links":{"self":[{"href":"https:\/\/www.promajna-tours.hr\/cs\/wp-json\/wp\/v2\/posts\/310168"}],"collection":[{"href":"https:\/\/www.promajna-tours.hr\/cs\/wp-json\/wp\/v2\/posts"}],"about":[{"href":"https:\/\/www.promajna-tours.hr\/cs\/wp-json\/wp\/v2\/types\/post"}],"author":[{"embeddable":true,"href":"https:\/\/www.promajna-tours.hr\/cs\/wp-json\/wp\/v2\/users\/1"}],"replies":[{"embeddable":true,"href":"https:\/\/www.promajna-tours.hr\/cs\/wp-json\/wp\/v2\/comments?post=310168"}],"version-history":[{"count":0,"href":"https:\/\/www.promajna-tours.hr\/cs\/wp-json\/wp\/v2\/posts\/310168\/revisions"}],"wp:attachment":[{"href":"https:\/\/www.promajna-tours.hr\/cs\/wp-json\/wp\/v2\/media?parent=310168"}],"wp:term":[{"taxonomy":"category","embeddable":true,"href":"https:\/\/www.promajna-tours.hr\/cs\/wp-json\/wp\/v2\/categories?post=310168"},{"taxonomy":"post_tag","embeddable":true,"href":"https:\/\/www.promajna-tours.hr\/cs\/wp-json\/wp\/v2\/tags?post=310168"}],"curies":[{"name":"wp","href":"https:\/\/api.w.org\/{rel}","templated":true}]}}