{"id":310127,"date":"2014-03-01T00:00:00","date_gmt":"2014-02-28T23:00:00","guid":{"rendered":"https:\/\/www.promajna-tours.hr\/promajna-die-perle-dalmatiens\/"},"modified":"2014-03-01T00:00:00","modified_gmt":"2014-02-28T23:00:00","slug":"promajna-die-perle-dalmatiens","status":"publish","type":"post","link":"https:\/\/www.promajna-tours.hr\/de\/promajna-die-perle-dalmatiens\/","title":{"rendered":"Promajna die Perle Dalmatiens"},"content":{"rendered":"<p><strong>Promajna ist bekannt f\u00fcr seine sch\u00f6nen Str\u00e4nde von kleinen Kieselsteinen und kristallklarem Wasser machen die Perle Dalmatiens bekannt. Die Str\u00e4nde erstrecken sich die L\u00e4nge von 4 km. im Westen, sind Baska Voda , und mit allen notwendigen Einrichtungen ausgestattet. Das letzte Jahrzehnt hat in einer Vielzahl von Privath\u00e4usern , die Qualit\u00e4t der Zimmer und Suiten bieten gebaut worden, hat auch ein Ort, eine hochwertige Unterbringung im Hotel.<\/strong><br \/>\n<strong>Promajna ist der einfachste Weg , durch die nahe gelegene Stadt Split, die zweitgr\u00f6\u00dfte Stadt in Kroatien , Transport und kulturelle Zentrum Dalmatiens.<\/strong><br \/>\n<strong>Split ist mit dem Auto (Zagreb durch eine neue moderne Autobahn ) Flug, F\u00e4hre oder Zug erreicht werden. Von Split nach Promajna (51 km.) , Kann mit dem Auto oder mit dem Bus in weniger als einer Autostunde erreichbar. Die Stra\u00dfe f\u00fchrt zum Meer, bietet eine herrliche Aussicht nach S\u00fcden auf die benachbarten Inseln und die Berge hinter dem Berg . Der Bus auf der Strecke Zagreb &#8211; Promajna , auf Anfrage, in Promajni stoppen. Reiseb\u00fcro Promajna tours.hr au\u00dfer f\u00fcr Dienstleistungen <a title=\"private Unterk\u00fcnfte Promajna - Appartements, Villen mit Pool , Zimmer \" href=\"https:\/\/www.promajna-tours.hr\/de\/\">private Unterk\u00fcnfte Promajna<\/a> bietet RENT-A- CAR, und organisiert den Transport vom Flughafen (Split) zu Ihrer Unterkunft.<\/strong><br \/>\n<strong>Sobald Sie in Promajna ankommen wird schwer sein , nicht auf mindestens ein weiteres Mal zur\u00fcck. Promajna abgesehen von der wundersch\u00f6nen Kiesstrand bietet ein reichhaltiges Angebot an Einrichtungen f\u00fcr Kinder , Musikkonzerte , Kulturveranstaltungen und eine hochwertige Auswahl an privaten Unterk\u00fcnften. Zentralstrandin Promajni , die eine der besten an der Makarska Riviera ist sicherlich der gr\u00f6\u00dfte Vorteil Promajna als Reiseziel . Die H\u00e4lfte der Strand in der Sonne und die andere H\u00e4lfte liegt in einem Pinienwald , der ideale Strand zum Schwimmen und Entspannen ist . Am Strand gibt es Strandbars , wo man sich mit einem Getr\u00e4nk erfrischen oder nehmen etwas zu essen. Abgesehen von der zentralen Strand gibt es mehr Str\u00e4nde zu Baska Polje , die weniger \u00fcberf\u00fcllt, aber ebenso geeignet zum Schwimmen und Entspannen sind . Von Restaurants in Promajna die etwa 10 Restaurants zeichnen sich Hajduk und Astoria , die die l\u00e4ngste Tradition haben muss. Restaurant Astoria feierte im letzten Jahr sein 25- j\u00e4hriges Bestehen mit einem gro\u00dfen Fest , wo die G\u00e4ste Promajna teilte die gegrillten Speisen und Getr\u00e4nken. Feier mit Live-Musik dauerte bis sp\u00e4t in die Nacht. Wie Promajani gerne ihre G\u00e4ste ehren die besten Indikator Fischerabende, wo die G\u00e4ste teilen sich ein Fisch und Wein und alles mit gro\u00dfer Unterhaltung und Tanz mit Live-Musik Dalmatiner Bands. Konzerte sind oft in zwei Strandbars Hojalero und Poseidon organisiert. Verschiedene Arten von Musik, Tanz und Spa\u00df dauert bis Mitternacht und dann die Musik stumm und Promajna und ihre G\u00e4ste wollen sich erholen langsam einschlafen . Neben Schwimmen und Spa\u00df mit Musik von Promajna kann und Halbtagesausfl\u00fcge zu den Inseln Brac und Hvar , Split oder Dubrovnik, Medjugorje , usw. gehen Alle Reisen f\u00fcr Sie vorbereiten und organisieren Promajna &#8211; tours.hr . Tours.hr &#8211; <a title=\"private Unterk\u00fcnfte Promajna - Appartements, Villen mit Pool , Zimmer\" href=\"https:\/\/www.promajna-tours.hr\/de\/\">private Unterk\u00fcnfte Promajna<\/a> in Wohnungen, k\u00f6nnen Villen mit Pool und Ferienwohnung Ferienwohnungen auf unserer Website www.promajna gefunden werden.<\/strong><br \/>\n<strong>F\u00fcr Kinder und ihre Unterhaltung in Promajni ist in erster Linie auf dem Spielplatz , wo sie verschiedene Sportarten wie Fu\u00dfball, Basketball , Volleyball, Beachvolleyball usw. k\u00f6nnen in der N\u00e4he von Baska Polje gespielt werden spielen getan . F\u00fcr Kinderunterhaltung gibt es auch verschiedene Rutschen, Trampoline und ein gro\u00dfer Kinderspielzimmer . Promajna k\u00fcrzlich einen Hafen, der bald beginnen sollte , um eine gr\u00f6\u00dfere Anzahl von Freizeitboote erhalten beenden.<\/strong><br \/>\n<strong>Im Laufe seiner Geschichte hat viele Promajna Br\u00e4nde, von denen eine der schlimmsten im Jahr 2008 aufgetreten erlebt. In Promajni arbeitet Freiwilligen Feuerwehr , die mehr als 20 Mitglieder, die f\u00fcr Sicherheit und Brandschutzsorgen f\u00fcr die langen und hei\u00dfen Sommertagen hat .<\/strong><br \/>\n<strong>Wir laden alle, die noch nicht in Promajna waren , die zu besuchen und genie\u00dfen einen unbeschwerten Urlaub auf Promajna Weg .<\/strong><\/p>\n","protected":false},"excerpt":{"rendered":"<p>Promajna ist bekannt f\u00fcr seine sch\u00f6nen Str\u00e4nde von kleinen Kieselsteinen und kristallklarem Wasser machen die Perle Dalmatiens bekannt. Die Str\u00e4nde erstrecken sich die L\u00e4nge von 4 km. im Westen, sind Baska Voda , und mit allen notwendigen Einrichtungen ausgestattet. Das letzte Jahrzehnt hat in einer Vielzahl von Privath\u00e4usern , die Qualit\u00e4t der Zimmer und Suiten&#8230;<\/p>\n","protected":false},"author":1,"featured_media":0,"comment_status":"closed","ping_status":"closed","sticky":false,"template":"","format":"standard","meta":[],"categories":[308],"tags":[],"acf":[],"yoast_head":"<!-- This site is optimized with the Yoast SEO plugin v20.6 - https:\/\/yoast.com\/wordpress\/plugins\/seo\/ -->\n<title>Promajna die Perle Dalmatiens - Promajna Tours<\/title>\n<meta name=\"robots\" content=\"index, follow, max-snippet:-1, max-image-preview:large, max-video-preview:-1\" \/>\n<link rel=\"canonical\" href=\"https:\/\/www.promajna-tours.hr\/de\/promajna-die-perle-dalmatiens\/\" \/>\n<meta property=\"og:locale\" content=\"de_DE\" \/>\n<meta property=\"og:type\" content=\"article\" \/>\n<meta property=\"og:title\" content=\"Promajna die Perle Dalmatiens - Promajna Tours\" \/>\n<meta property=\"og:description\" content=\"Promajna ist bekannt f\u00fcr seine sch\u00f6nen Str\u00e4nde von kleinen Kieselsteinen und kristallklarem Wasser machen die Perle Dalmatiens bekannt. Die Str\u00e4nde erstrecken sich die L\u00e4nge von 4 km. im Westen, sind Baska Voda , und mit allen notwendigen Einrichtungen ausgestattet. Das letzte Jahrzehnt hat in einer Vielzahl von Privath\u00e4usern , die Qualit\u00e4t der Zimmer und Suiten...\" \/>\n<meta property=\"og:url\" content=\"https:\/\/www.promajna-tours.hr\/de\/promajna-die-perle-dalmatiens\/\" \/>\n<meta property=\"og:site_name\" content=\"Promajna Tours\" \/>\n<meta property=\"article:publisher\" content=\"https:\/\/www.facebook.com\/promajnatoursHR\/\" \/>\n<meta property=\"article:published_time\" content=\"2014-02-28T23:00:00+00:00\" \/>\n<meta property=\"og:image\" content=\"https:\/\/www.promajna-tours.hr\/wp-content\/uploads\/2022\/02\/hvar-1.jpg\" \/>\n\t<meta property=\"og:image:width\" content=\"1024\" \/>\n\t<meta property=\"og:image:height\" content=\"768\" \/>\n\t<meta property=\"og:image:type\" content=\"image\/jpeg\" \/>\n<meta name=\"author\" content=\"Promajna\" \/>\n<meta name=\"twitter:card\" content=\"summary_large_image\" \/>\n<meta name=\"twitter:creator\" content=\"@promajnatours\" \/>\n<meta name=\"twitter:site\" content=\"@promajnatours\" \/>\n<meta name=\"twitter:label1\" content=\"Verfasst von\" \/>\n\t<meta name=\"twitter:data1\" content=\"Promajna\" \/>\n\t<meta name=\"twitter:label2\" content=\"Gesch\u00e4tzte Lesezeit\" \/>\n\t<meta name=\"twitter:data2\" content=\"3 Minuten\" \/>\n<script type=\"application\/ld+json\" class=\"yoast-schema-graph\">{\"@context\":\"https:\/\/schema.org\",\"@graph\":[{\"@type\":\"Article\",\"@id\":\"https:\/\/www.promajna-tours.hr\/de\/promajna-die-perle-dalmatiens\/#article\",\"isPartOf\":{\"@id\":\"https:\/\/www.promajna-tours.hr\/de\/promajna-die-perle-dalmatiens\/\"},\"author\":{\"name\":\"Promajna\",\"@id\":\"https:\/\/www.promajna-tours.hr\/#\/schema\/person\/30cdf7862e38ec80cb2777061b6c27c0\"},\"headline\":\"Promajna die Perle Dalmatiens\",\"datePublished\":\"2014-02-28T23:00:00+00:00\",\"dateModified\":\"2014-02-28T23:00:00+00:00\",\"mainEntityOfPage\":{\"@id\":\"https:\/\/www.promajna-tours.hr\/de\/promajna-die-perle-dalmatiens\/\"},\"wordCount\":647,\"publisher\":{\"@id\":\"https:\/\/www.promajna-tours.hr\/#organization\"},\"articleSection\":[\"Nachrichten\"],\"inLanguage\":\"de-DE\"},{\"@type\":\"WebPage\",\"@id\":\"https:\/\/www.promajna-tours.hr\/de\/promajna-die-perle-dalmatiens\/\",\"url\":\"https:\/\/www.promajna-tours.hr\/de\/promajna-die-perle-dalmatiens\/\",\"name\":\"Promajna die Perle Dalmatiens - Promajna Tours\",\"isPartOf\":{\"@id\":\"https:\/\/www.promajna-tours.hr\/#website\"},\"datePublished\":\"2014-02-28T23:00:00+00:00\",\"dateModified\":\"2014-02-28T23:00:00+00:00\",\"breadcrumb\":{\"@id\":\"https:\/\/www.promajna-tours.hr\/de\/promajna-die-perle-dalmatiens\/#breadcrumb\"},\"inLanguage\":\"de-DE\",\"potentialAction\":[{\"@type\":\"ReadAction\",\"target\":[\"https:\/\/www.promajna-tours.hr\/de\/promajna-die-perle-dalmatiens\/\"]}]},{\"@type\":\"BreadcrumbList\",\"@id\":\"https:\/\/www.promajna-tours.hr\/de\/promajna-die-perle-dalmatiens\/#breadcrumb\",\"itemListElement\":[{\"@type\":\"ListItem\",\"position\":1,\"name\":\"Po\u010detna stranica\",\"item\":\"https:\/\/www.promajna-tours.hr\/de\/\"},{\"@type\":\"ListItem\",\"position\":2,\"name\":\"Promajna die Perle Dalmatiens\"}]},{\"@type\":\"WebSite\",\"@id\":\"https:\/\/www.promajna-tours.hr\/#website\",\"url\":\"https:\/\/www.promajna-tours.hr\/\",\"name\":\"Promajna Tours\",\"description\":\"Apartmani Makarska rivijera\",\"publisher\":{\"@id\":\"https:\/\/www.promajna-tours.hr\/#organization\"},\"potentialAction\":[{\"@type\":\"SearchAction\",\"target\":{\"@type\":\"EntryPoint\",\"urlTemplate\":\"https:\/\/www.promajna-tours.hr\/?s={search_term_string}\"},\"query-input\":\"required name=search_term_string\"}],\"inLanguage\":\"de-DE\"},{\"@type\":\"Organization\",\"@id\":\"https:\/\/www.promajna-tours.hr\/#organization\",\"name\":\"Promajna Tours d.o.o.\",\"url\":\"https:\/\/www.promajna-tours.hr\/\",\"logo\":{\"@type\":\"ImageObject\",\"inLanguage\":\"de-DE\",\"@id\":\"https:\/\/www.promajna-tours.hr\/#\/schema\/logo\/image\/\",\"url\":\"https:\/\/www.promajna-tours.hr\/wp-content\/uploads\/2021\/11\/logo-novi.png\",\"contentUrl\":\"https:\/\/www.promajna-tours.hr\/wp-content\/uploads\/2021\/11\/logo-novi.png\",\"width\":216,\"height\":129,\"caption\":\"Promajna Tours d.o.o.\"},\"image\":{\"@id\":\"https:\/\/www.promajna-tours.hr\/#\/schema\/logo\/image\/\"},\"sameAs\":[\"https:\/\/www.facebook.com\/promajnatoursHR\/\",\"https:\/\/twitter.com\/promajnatours\",\"https:\/\/www.instagram.com\/promajnatours\/\",\"https:\/\/www.youtube.com\/channel\/UCMDAfrJ-MCRDYzjXTBoVIXA\"]},{\"@type\":\"Person\",\"@id\":\"https:\/\/www.promajna-tours.hr\/#\/schema\/person\/30cdf7862e38ec80cb2777061b6c27c0\",\"name\":\"Promajna\",\"sameAs\":[\"https:\/\/www.promajna-tours.hr\"],\"url\":\"https:\/\/www.promajna-tours.hr\/de\/author\/dubravko\/\"}]}<\/script>\n<!-- \/ Yoast SEO plugin. -->","yoast_head_json":{"title":"Promajna die Perle Dalmatiens - Promajna Tours","robots":{"index":"index","follow":"follow","max-snippet":"max-snippet:-1","max-image-preview":"max-image-preview:large","max-video-preview":"max-video-preview:-1"},"canonical":"https:\/\/www.promajna-tours.hr\/de\/promajna-die-perle-dalmatiens\/","og_locale":"de_DE","og_type":"article","og_title":"Promajna die Perle Dalmatiens - Promajna Tours","og_description":"Promajna ist bekannt f\u00fcr seine sch\u00f6nen Str\u00e4nde von kleinen Kieselsteinen und kristallklarem Wasser machen die Perle Dalmatiens bekannt. Die Str\u00e4nde erstrecken sich die L\u00e4nge von 4 km. im Westen, sind Baska Voda , und mit allen notwendigen Einrichtungen ausgestattet. Das letzte Jahrzehnt hat in einer Vielzahl von Privath\u00e4usern , die Qualit\u00e4t der Zimmer und Suiten...","og_url":"https:\/\/www.promajna-tours.hr\/de\/promajna-die-perle-dalmatiens\/","og_site_name":"Promajna Tours","article_publisher":"https:\/\/www.facebook.com\/promajnatoursHR\/","article_published_time":"2014-02-28T23:00:00+00:00","og_image":[{"width":1024,"height":768,"url":"https:\/\/www.promajna-tours.hr\/wp-content\/uploads\/2022\/02\/hvar-1.jpg","type":"image\/jpeg"}],"author":"Promajna","twitter_card":"summary_large_image","twitter_creator":"@promajnatours","twitter_site":"@promajnatours","twitter_misc":{"Verfasst von":"Promajna","Gesch\u00e4tzte Lesezeit":"3 Minuten"},"schema":{"@context":"https:\/\/schema.org","@graph":[{"@type":"Article","@id":"https:\/\/www.promajna-tours.hr\/de\/promajna-die-perle-dalmatiens\/#article","isPartOf":{"@id":"https:\/\/www.promajna-tours.hr\/de\/promajna-die-perle-dalmatiens\/"},"author":{"name":"Promajna","@id":"https:\/\/www.promajna-tours.hr\/#\/schema\/person\/30cdf7862e38ec80cb2777061b6c27c0"},"headline":"Promajna die Perle Dalmatiens","datePublished":"2014-02-28T23:00:00+00:00","dateModified":"2014-02-28T23:00:00+00:00","mainEntityOfPage":{"@id":"https:\/\/www.promajna-tours.hr\/de\/promajna-die-perle-dalmatiens\/"},"wordCount":647,"publisher":{"@id":"https:\/\/www.promajna-tours.hr\/#organization"},"articleSection":["Nachrichten"],"inLanguage":"de-DE"},{"@type":"WebPage","@id":"https:\/\/www.promajna-tours.hr\/de\/promajna-die-perle-dalmatiens\/","url":"https:\/\/www.promajna-tours.hr\/de\/promajna-die-perle-dalmatiens\/","name":"Promajna die Perle Dalmatiens - Promajna Tours","isPartOf":{"@id":"https:\/\/www.promajna-tours.hr\/#website"},"datePublished":"2014-02-28T23:00:00+00:00","dateModified":"2014-02-28T23:00:00+00:00","breadcrumb":{"@id":"https:\/\/www.promajna-tours.hr\/de\/promajna-die-perle-dalmatiens\/#breadcrumb"},"inLanguage":"de-DE","potentialAction":[{"@type":"ReadAction","target":["https:\/\/www.promajna-tours.hr\/de\/promajna-die-perle-dalmatiens\/"]}]},{"@type":"BreadcrumbList","@id":"https:\/\/www.promajna-tours.hr\/de\/promajna-die-perle-dalmatiens\/#breadcrumb","itemListElement":[{"@type":"ListItem","position":1,"name":"Po\u010detna stranica","item":"https:\/\/www.promajna-tours.hr\/de\/"},{"@type":"ListItem","position":2,"name":"Promajna die Perle Dalmatiens"}]},{"@type":"WebSite","@id":"https:\/\/www.promajna-tours.hr\/#website","url":"https:\/\/www.promajna-tours.hr\/","name":"Promajna Tours","description":"Apartmani Makarska rivijera","publisher":{"@id":"https:\/\/www.promajna-tours.hr\/#organization"},"potentialAction":[{"@type":"SearchAction","target":{"@type":"EntryPoint","urlTemplate":"https:\/\/www.promajna-tours.hr\/?s={search_term_string}"},"query-input":"required name=search_term_string"}],"inLanguage":"de-DE"},{"@type":"Organization","@id":"https:\/\/www.promajna-tours.hr\/#organization","name":"Promajna Tours d.o.o.","url":"https:\/\/www.promajna-tours.hr\/","logo":{"@type":"ImageObject","inLanguage":"de-DE","@id":"https:\/\/www.promajna-tours.hr\/#\/schema\/logo\/image\/","url":"https:\/\/www.promajna-tours.hr\/wp-content\/uploads\/2021\/11\/logo-novi.png","contentUrl":"https:\/\/www.promajna-tours.hr\/wp-content\/uploads\/2021\/11\/logo-novi.png","width":216,"height":129,"caption":"Promajna Tours d.o.o."},"image":{"@id":"https:\/\/www.promajna-tours.hr\/#\/schema\/logo\/image\/"},"sameAs":["https:\/\/www.facebook.com\/promajnatoursHR\/","https:\/\/twitter.com\/promajnatours","https:\/\/www.instagram.com\/promajnatours\/","https:\/\/www.youtube.com\/channel\/UCMDAfrJ-MCRDYzjXTBoVIXA"]},{"@type":"Person","@id":"https:\/\/www.promajna-tours.hr\/#\/schema\/person\/30cdf7862e38ec80cb2777061b6c27c0","name":"Promajna","sameAs":["https:\/\/www.promajna-tours.hr"],"url":"https:\/\/www.promajna-tours.hr\/de\/author\/dubravko\/"}]}},"_links":{"self":[{"href":"https:\/\/www.promajna-tours.hr\/de\/wp-json\/wp\/v2\/posts\/310127"}],"collection":[{"href":"https:\/\/www.promajna-tours.hr\/de\/wp-json\/wp\/v2\/posts"}],"about":[{"href":"https:\/\/www.promajna-tours.hr\/de\/wp-json\/wp\/v2\/types\/post"}],"author":[{"embeddable":true,"href":"https:\/\/www.promajna-tours.hr\/de\/wp-json\/wp\/v2\/users\/1"}],"replies":[{"embeddable":true,"href":"https:\/\/www.promajna-tours.hr\/de\/wp-json\/wp\/v2\/comments?post=310127"}],"version-history":[{"count":0,"href":"https:\/\/www.promajna-tours.hr\/de\/wp-json\/wp\/v2\/posts\/310127\/revisions"}],"wp:attachment":[{"href":"https:\/\/www.promajna-tours.hr\/de\/wp-json\/wp\/v2\/media?parent=310127"}],"wp:term":[{"taxonomy":"category","embeddable":true,"href":"https:\/\/www.promajna-tours.hr\/de\/wp-json\/wp\/v2\/categories?post=310127"},{"taxonomy":"post_tag","embeddable":true,"href":"https:\/\/www.promajna-tours.hr\/de\/wp-json\/wp\/v2\/tags?post=310127"}],"curies":[{"name":"wp","href":"https:\/\/api.w.org\/{rel}","templated":true}]}}