{"id":310199,"date":"2014-03-26T20:01:20","date_gmt":"2014-03-26T19:01:20","guid":{"rendered":"https:\/\/www.promajna-tours.hr\/chorwacja-wyspa-brac\/"},"modified":"2014-03-26T20:01:20","modified_gmt":"2014-03-26T19:01:20","slug":"chorwacja-wyspa-brac","status":"publish","type":"post","link":"https:\/\/www.promajna-tours.hr\/pl\/chorwacja-wyspa-brac\/","title":{"rendered":"Chorwacja Wyspa Brac"},"content":{"rendered":"<p><!--[if gte mso 9]><xml>\n<w_WordDocument>\n<w_View>Normal<\/w_View>\n<w_Zoom>0<\/w_Zoom>\n<w_HyphenationZone>21<\/w_HyphenationZone>\n<w_PunctuationKerning\/>\n<w_ValidateAgainstSchemas\/>\n<w_SaveIfXMLInvalid>false<\/w_SaveIfXMLInvalid>\n<w_IgnoreMixedContent>false<\/w_IgnoreMixedContent>\n<w_AlwaysShowPlaceholderText>false<\/w_AlwaysShowPlaceholderText>\n<w_Compatibility>\n<w_BreakWrappedTables\/>\n<w_SnapToGridInCell\/>\n<w_WrapTextWithPunct\/>\n<w_UseAsianBreakRules\/>\n<w_DontGrowAutofit\/>\n<\/w_Compatibility>\n<w_BrowserLevel>MicrosoftInternetExplorer4<\/w_BrowserLevel>\n<\/w_WordDocument>\n<\/xml><![endif]--><\/p>\n<p><!--[if gte mso 9]><xml>\n<w_LatentStyles DefLockedState=\"false\" LatentStyleCount=\"156\">\n<\/w_LatentStyles>\n<\/xml><![endif]--><!--[if !mso]><object classid=\"clsid:38481807-CA0E-42D2-BF39-B33AF135CC4D\" id=ieooui><\/object>\n\n\n\n<style>\nst1:*{behavior:url(#ieooui) }\n<\/style>\n\n<![endif]--><!--[if gte mso 10]>\n\n\n\n<style>\n \/* Style Definitions *\/\n table.MsoNormalTable\n\t{mso-style-name:\"Obi\u010dna tablica\";\n\tmso-tstyle-rowband-size:0;\n\tmso-tstyle-colband-size:0;\n\tmso-style-noshow:yes;\n\tmso-style-parent:\"\";\n\tmso-padding-alt:0cm 5.4pt 0cm 5.4pt;\n\tmso-para-margin:0cm;\n\tmso-para-margin-bottom:.0001pt;\n\tmso-pagination:widow-orphan;\n\tfont-size:10.0pt;\n\tfont-family:\"Times New Roman\";\n\tmso-ansi-language:#0400;\n\tmso-fareast-language:#0400;\n\tmso-bidi-language:#0400;}\n<\/style>\n\n<![endif]--><\/p>\n<p>Chorwacja Wyspa Brac<\/p>\n<p>Brac jest najwi\u0119ksz\u0105 spo\u015br\u00f3d wyspy centralnej Dalmacji , a tak\u017ce najwy\u017cszy w Adriatyku wyspie z 778 metr\u00f3w . Symbolem wyspy jest Zlatni rat w miejscowo\u015bci Bol na po\u0142udniowej stronie wyspy &#8211; jedn\u0105 z najpi\u0119kniejszych pla\u017c na ca\u0142ym Adriatyku . Jednak to nie jest tylkomiejscem wyj\u0105tkowego pi\u0119kna , ale r\u00f3wnie\u017c pe\u0142ne tradycji i tajemnic , kt\u00f3re uczyni\u0105 Twoje wakacje pe\u0142ne . Wyspa jestdu\u017cy wyb\u00f3r wysokiej jako\u015bci zakwaterowanie , i tutaj proponujemy nast\u0119puj\u0105ce <a title=\"Bra\u010d zakwaterowanie\" href=\"https:\/\/www.promajna-tours.hr\/pl\/\">apartamenty Brac<\/a> i dom\u00f3w do wynaj\u0119cia .<\/p>\n<p>Brac jest dobrze po\u0142\u0105czony z l\u0105dem przez linie promowe ze Splitem i Makarsk\u0105 . Port na wyspie znajduje si\u0119 w Supetar i Sumartin . W sezonie letnim ,linii Split &#8211; Supetar jazdy w dzie\u0144 , prawie co godzin\u0119 acesta zajmuje wi\u0119cej ni\u017c 50 minut. Prom mi\u0119dzy Makarska i Sumartin jest nieco kr\u00f3tsza i ta\u0144sza , zalecane dla os\u00f3b, kt\u00f3re chc\u0105 sp\u0119dzi\u0107 wakacje na wschodnim wybrze\u017cu wyspy . Lotnisko znajduje si\u0119na wyspie Brac , znajduje si\u0119 14 km od Bolu i 32 km od miejscowo\u015bci Supetar . Jest on otwarty tylko w sezonie letnim<br \/>\nSupetar jest o\u015brodkiem gospodarczym , kulturalnym i turystycznym na wyspie Brac . Gmina obejmuje miasto Supetar i trzy miejsca Splitska , Skrzypi i Mirca .<br \/>\nDobre po\u0142\u0105czenia z Supetar ze \u015bwiatem , pi\u0119knej przyrody i bogatej oferty turystycznej jed\u016fvod dlaczego to typowe \u015br\u00f3dziemnomorskie miasto jako jeden z najbardziej znanych o\u015brodk\u00f3w turystycznych na Adriatyku , jem\u00edstem wiele imprez i wygodne miejsce do wypoczynku zasadniczego .<\/p>\n<p><a title=\"Bra\u010d zakwaterowanie\" href=\"https:\/\/www.promajna-tours.hr\/pl\/\">Bol Chorwacja<\/a> ,miasto i port na po\u0142udniowej stronie wyspy Brac , u st\u00f3p Vidova G\u00f3ra ( 778 m ) i Dratevo Brdo ( 627 m ) . Piaszczyste i \u017cwirowe pla\u017ce ( Zlatni Rat itd. ) rozci\u0105gaj\u0105 \u0142\u0105cznej d\u0142ugo\u015bci oko\u0142o 15 km ( z Martinica Cove w wschodu na zach\u00f3d Blaca Cove ) .<\/p>\n<p>Povlja ,wioska w zatoce o tej samej nazwie , na p\u00f3\u0142nocno-wschodnim wybrze\u017cu wyspy Brac . Otaczaj\u0105ce zatok\u0119 ( dar\u0144 , Smokvica , Ticja Luka , Tatinja , itp. ) maj\u0105 \u0142adna pla\u017ca .<\/p>\n<p>Skrip jenejstar\u0161\u00ed osada na wyspie , o wiele starsze ni\u017c pisemnego dokumentu o jego pochodzeniu . Ilir\u00f3w osiedlili si\u0119 tu w 11 wieku i jest jednym z tych dni , kt\u00f3re Skrip jest stalilyrsk\u00e9 osada na miejscu dzisiejszego cmentarza .<\/p>\n<p>Wioska Postira na wyspie Brac w Dalmacji w Chorwacji powsta\u0142y w 14- wieku . Dalmacja apartamenty w Postira to tradycyjne domy Dalmacji , w wi\u0119kszo\u015bci zbudowane z bia\u0142ego kamienia tradycyjnych Brac wydobywany z okolicznych wzg\u00f3rz . Lokalnych dom\u00f3w w Postira , w pobli\u017cu Splitu, w Chorwacji w czasie wakacji odwiedzi\u0107 swoich go\u015bci , zapewniaj\u0105c poczucie tradycyjnego \u015br\u00f3dziemnomorskiego duchu \u015bwi\u0105tecznym . W sezonie zimowym , w\u0142a\u015bciciele prywatnych w Postira , Brac, noclegi dla produkt\u00f3w krajowych , takich jak oliwa z oliwek , wina i idzie na polowanie . Postira na wyspie Brac w Chorwacji jest dotrze\u0107 promem .<\/p>\n<p>Selca oferuje pi\u0119kne krajobrazy z widokami na morze swobodny dost\u0119p do zatok i basen\u00f3w . Odwiedzaj\u0105cy znajd\u0105 Selca tradycyjn\u0105 \u015br\u00f3dziemnomorsk\u0105 atmosfer\u0119 i zakwaterowanie vv skoncentrowany w prywatnych domach . Jest to atrakcyjny kompleks pla\u017cowy zwane Puntinak , kt\u00f3ry oferuje szeroki wyb\u00f3r dom\u00f3w wakacyjnych dla go\u015bci. Selca znajduje si\u0119 w jednym z najbardziej s\u0142onecznych cz\u0119\u015bci Morza Adriatyckiego i otrzymuje ponad 2600 godzin \u015bwiat\u0142a s\u0142onecznego w ci\u0105gu roku . \u015arednia temperatura 24 \u00b0 C w lecie . Sezon letni trwa od maja do pa\u017adziernika . Temperatura morza w sierpniu od 21 do 25 stopni .<br \/>\n<strong>Odwied\u017a nas na Facebooku: <\/strong><a title=\"Promajna Torurs HR - Facebook\" href=\"https:\/\/www.facebook.com\/promajna.tours.hr\" target=\"_blank\" rel=\"noopener\">https:\/\/www.facebook.com\/promajna.tours.hr<\/a><\/p>\n","protected":false},"excerpt":{"rendered":"<p>Chorwacja Wyspa Brac Brac jest najwi\u0119ksz\u0105 spo\u015br\u00f3d wyspy centralnej Dalmacji , a tak\u017ce najwy\u017cszy w Adriatyku wyspie z 778 metr\u00f3w . Symbolem wyspy jest Zlatni rat w miejscowo\u015bci Bol na po\u0142udniowej stronie wyspy &#8211; jedn\u0105 z najpi\u0119kniejszych pla\u017c na ca\u0142ym Adriatyku . Jednak to nie jest tylkomiejscem wyj\u0105tkowego pi\u0119kna , ale r\u00f3wnie\u017c pe\u0142ne tradycji i&#8230;<\/p>\n","protected":false},"author":1,"featured_media":0,"comment_status":"closed","ping_status":"closed","sticky":false,"template":"","format":"standard","meta":[],"categories":[305],"tags":[],"acf":[],"yoast_head":"<!-- This site is optimized with the Yoast SEO plugin v20.6 - https:\/\/yoast.com\/wordpress\/plugins\/seo\/ -->\n<title>Chorwacja Wyspa Brac - Promajna Tours<\/title>\n<meta name=\"robots\" content=\"index, follow, max-snippet:-1, max-image-preview:large, max-video-preview:-1\" \/>\n<link rel=\"canonical\" href=\"https:\/\/www.promajna-tours.hr\/pl\/chorwacja-wyspa-brac\/\" \/>\n<meta property=\"og:locale\" content=\"pl_PL\" \/>\n<meta property=\"og:type\" content=\"article\" \/>\n<meta property=\"og:title\" content=\"Chorwacja Wyspa Brac - Promajna Tours\" \/>\n<meta property=\"og:description\" content=\"Chorwacja Wyspa Brac Brac jest najwi\u0119ksz\u0105 spo\u015br\u00f3d wyspy centralnej Dalmacji , a tak\u017ce najwy\u017cszy w Adriatyku wyspie z 778 metr\u00f3w . Symbolem wyspy jest Zlatni rat w miejscowo\u015bci Bol na po\u0142udniowej stronie wyspy &#8211; jedn\u0105 z najpi\u0119kniejszych pla\u017c na ca\u0142ym Adriatyku . Jednak to nie jest tylkomiejscem wyj\u0105tkowego pi\u0119kna , ale r\u00f3wnie\u017c pe\u0142ne tradycji i...\" \/>\n<meta property=\"og:url\" content=\"https:\/\/www.promajna-tours.hr\/pl\/chorwacja-wyspa-brac\/\" \/>\n<meta property=\"og:site_name\" content=\"Promajna Tours\" \/>\n<meta property=\"article:publisher\" content=\"https:\/\/www.facebook.com\/promajnatoursHR\/\" \/>\n<meta property=\"article:published_time\" content=\"2014-03-26T19:01:20+00:00\" \/>\n<meta property=\"og:image\" content=\"https:\/\/www.promajna-tours.hr\/wp-content\/uploads\/2022\/02\/hvar-1.jpg\" \/>\n\t<meta property=\"og:image:width\" content=\"1024\" \/>\n\t<meta property=\"og:image:height\" content=\"768\" \/>\n\t<meta property=\"og:image:type\" content=\"image\/jpeg\" \/>\n<meta name=\"author\" content=\"Promajna\" \/>\n<meta name=\"twitter:card\" content=\"summary_large_image\" \/>\n<meta name=\"twitter:creator\" content=\"@promajnatours\" \/>\n<meta name=\"twitter:site\" content=\"@promajnatours\" \/>\n<meta name=\"twitter:label1\" content=\"Napisane przez\" \/>\n\t<meta name=\"twitter:data1\" content=\"Promajna\" \/>\n\t<meta name=\"twitter:label2\" content=\"Szacowany czas czytania\" \/>\n\t<meta name=\"twitter:data2\" content=\"3 minuty\" \/>\n<script type=\"application\/ld+json\" class=\"yoast-schema-graph\">{\"@context\":\"https:\/\/schema.org\",\"@graph\":[{\"@type\":\"Article\",\"@id\":\"https:\/\/www.promajna-tours.hr\/pl\/chorwacja-wyspa-brac\/#article\",\"isPartOf\":{\"@id\":\"https:\/\/www.promajna-tours.hr\/pl\/chorwacja-wyspa-brac\/\"},\"author\":{\"name\":\"Promajna\",\"@id\":\"https:\/\/www.promajna-tours.hr\/#\/schema\/person\/30cdf7862e38ec80cb2777061b6c27c0\"},\"headline\":\"Chorwacja Wyspa Brac\",\"datePublished\":\"2014-03-26T19:01:20+00:00\",\"dateModified\":\"2014-03-26T19:01:20+00:00\",\"mainEntityOfPage\":{\"@id\":\"https:\/\/www.promajna-tours.hr\/pl\/chorwacja-wyspa-brac\/\"},\"wordCount\":579,\"publisher\":{\"@id\":\"https:\/\/www.promajna-tours.hr\/#organization\"},\"articleSection\":[\"Aktualno\u015bci\"],\"inLanguage\":\"pl-PL\"},{\"@type\":\"WebPage\",\"@id\":\"https:\/\/www.promajna-tours.hr\/pl\/chorwacja-wyspa-brac\/\",\"url\":\"https:\/\/www.promajna-tours.hr\/pl\/chorwacja-wyspa-brac\/\",\"name\":\"Chorwacja Wyspa Brac - Promajna Tours\",\"isPartOf\":{\"@id\":\"https:\/\/www.promajna-tours.hr\/#website\"},\"datePublished\":\"2014-03-26T19:01:20+00:00\",\"dateModified\":\"2014-03-26T19:01:20+00:00\",\"breadcrumb\":{\"@id\":\"https:\/\/www.promajna-tours.hr\/pl\/chorwacja-wyspa-brac\/#breadcrumb\"},\"inLanguage\":\"pl-PL\",\"potentialAction\":[{\"@type\":\"ReadAction\",\"target\":[\"https:\/\/www.promajna-tours.hr\/pl\/chorwacja-wyspa-brac\/\"]}]},{\"@type\":\"BreadcrumbList\",\"@id\":\"https:\/\/www.promajna-tours.hr\/pl\/chorwacja-wyspa-brac\/#breadcrumb\",\"itemListElement\":[{\"@type\":\"ListItem\",\"position\":1,\"name\":\"Po\u010detna stranica\",\"item\":\"https:\/\/www.promajna-tours.hr\/pl\/\"},{\"@type\":\"ListItem\",\"position\":2,\"name\":\"Chorwacja Wyspa Brac\"}]},{\"@type\":\"WebSite\",\"@id\":\"https:\/\/www.promajna-tours.hr\/#website\",\"url\":\"https:\/\/www.promajna-tours.hr\/\",\"name\":\"Promajna Tours\",\"description\":\"Apartmani Makarska rivijera\",\"publisher\":{\"@id\":\"https:\/\/www.promajna-tours.hr\/#organization\"},\"potentialAction\":[{\"@type\":\"SearchAction\",\"target\":{\"@type\":\"EntryPoint\",\"urlTemplate\":\"https:\/\/www.promajna-tours.hr\/?s={search_term_string}\"},\"query-input\":\"required name=search_term_string\"}],\"inLanguage\":\"pl-PL\"},{\"@type\":\"Organization\",\"@id\":\"https:\/\/www.promajna-tours.hr\/#organization\",\"name\":\"Promajna Tours d.o.o.\",\"url\":\"https:\/\/www.promajna-tours.hr\/\",\"logo\":{\"@type\":\"ImageObject\",\"inLanguage\":\"pl-PL\",\"@id\":\"https:\/\/www.promajna-tours.hr\/#\/schema\/logo\/image\/\",\"url\":\"https:\/\/www.promajna-tours.hr\/wp-content\/uploads\/2021\/11\/logo-novi.png\",\"contentUrl\":\"https:\/\/www.promajna-tours.hr\/wp-content\/uploads\/2021\/11\/logo-novi.png\",\"width\":216,\"height\":129,\"caption\":\"Promajna Tours d.o.o.\"},\"image\":{\"@id\":\"https:\/\/www.promajna-tours.hr\/#\/schema\/logo\/image\/\"},\"sameAs\":[\"https:\/\/www.facebook.com\/promajnatoursHR\/\",\"https:\/\/twitter.com\/promajnatours\",\"https:\/\/www.instagram.com\/promajnatours\/\",\"https:\/\/www.youtube.com\/channel\/UCMDAfrJ-MCRDYzjXTBoVIXA\"]},{\"@type\":\"Person\",\"@id\":\"https:\/\/www.promajna-tours.hr\/#\/schema\/person\/30cdf7862e38ec80cb2777061b6c27c0\",\"name\":\"Promajna\",\"sameAs\":[\"https:\/\/www.promajna-tours.hr\"],\"url\":\"https:\/\/www.promajna-tours.hr\/pl\/author\/dubravko\/\"}]}<\/script>\n<!-- \/ Yoast SEO plugin. -->","yoast_head_json":{"title":"Chorwacja Wyspa Brac - Promajna Tours","robots":{"index":"index","follow":"follow","max-snippet":"max-snippet:-1","max-image-preview":"max-image-preview:large","max-video-preview":"max-video-preview:-1"},"canonical":"https:\/\/www.promajna-tours.hr\/pl\/chorwacja-wyspa-brac\/","og_locale":"pl_PL","og_type":"article","og_title":"Chorwacja Wyspa Brac - Promajna Tours","og_description":"Chorwacja Wyspa Brac Brac jest najwi\u0119ksz\u0105 spo\u015br\u00f3d wyspy centralnej Dalmacji , a tak\u017ce najwy\u017cszy w Adriatyku wyspie z 778 metr\u00f3w . Symbolem wyspy jest Zlatni rat w miejscowo\u015bci Bol na po\u0142udniowej stronie wyspy &#8211; jedn\u0105 z najpi\u0119kniejszych pla\u017c na ca\u0142ym Adriatyku . Jednak to nie jest tylkomiejscem wyj\u0105tkowego pi\u0119kna , ale r\u00f3wnie\u017c pe\u0142ne tradycji i...","og_url":"https:\/\/www.promajna-tours.hr\/pl\/chorwacja-wyspa-brac\/","og_site_name":"Promajna Tours","article_publisher":"https:\/\/www.facebook.com\/promajnatoursHR\/","article_published_time":"2014-03-26T19:01:20+00:00","og_image":[{"width":1024,"height":768,"url":"https:\/\/www.promajna-tours.hr\/wp-content\/uploads\/2022\/02\/hvar-1.jpg","type":"image\/jpeg"}],"author":"Promajna","twitter_card":"summary_large_image","twitter_creator":"@promajnatours","twitter_site":"@promajnatours","twitter_misc":{"Napisane przez":"Promajna","Szacowany czas czytania":"3 minuty"},"schema":{"@context":"https:\/\/schema.org","@graph":[{"@type":"Article","@id":"https:\/\/www.promajna-tours.hr\/pl\/chorwacja-wyspa-brac\/#article","isPartOf":{"@id":"https:\/\/www.promajna-tours.hr\/pl\/chorwacja-wyspa-brac\/"},"author":{"name":"Promajna","@id":"https:\/\/www.promajna-tours.hr\/#\/schema\/person\/30cdf7862e38ec80cb2777061b6c27c0"},"headline":"Chorwacja Wyspa Brac","datePublished":"2014-03-26T19:01:20+00:00","dateModified":"2014-03-26T19:01:20+00:00","mainEntityOfPage":{"@id":"https:\/\/www.promajna-tours.hr\/pl\/chorwacja-wyspa-brac\/"},"wordCount":579,"publisher":{"@id":"https:\/\/www.promajna-tours.hr\/#organization"},"articleSection":["Aktualno\u015bci"],"inLanguage":"pl-PL"},{"@type":"WebPage","@id":"https:\/\/www.promajna-tours.hr\/pl\/chorwacja-wyspa-brac\/","url":"https:\/\/www.promajna-tours.hr\/pl\/chorwacja-wyspa-brac\/","name":"Chorwacja Wyspa Brac - Promajna Tours","isPartOf":{"@id":"https:\/\/www.promajna-tours.hr\/#website"},"datePublished":"2014-03-26T19:01:20+00:00","dateModified":"2014-03-26T19:01:20+00:00","breadcrumb":{"@id":"https:\/\/www.promajna-tours.hr\/pl\/chorwacja-wyspa-brac\/#breadcrumb"},"inLanguage":"pl-PL","potentialAction":[{"@type":"ReadAction","target":["https:\/\/www.promajna-tours.hr\/pl\/chorwacja-wyspa-brac\/"]}]},{"@type":"BreadcrumbList","@id":"https:\/\/www.promajna-tours.hr\/pl\/chorwacja-wyspa-brac\/#breadcrumb","itemListElement":[{"@type":"ListItem","position":1,"name":"Po\u010detna stranica","item":"https:\/\/www.promajna-tours.hr\/pl\/"},{"@type":"ListItem","position":2,"name":"Chorwacja Wyspa Brac"}]},{"@type":"WebSite","@id":"https:\/\/www.promajna-tours.hr\/#website","url":"https:\/\/www.promajna-tours.hr\/","name":"Promajna Tours","description":"Apartmani Makarska rivijera","publisher":{"@id":"https:\/\/www.promajna-tours.hr\/#organization"},"potentialAction":[{"@type":"SearchAction","target":{"@type":"EntryPoint","urlTemplate":"https:\/\/www.promajna-tours.hr\/?s={search_term_string}"},"query-input":"required name=search_term_string"}],"inLanguage":"pl-PL"},{"@type":"Organization","@id":"https:\/\/www.promajna-tours.hr\/#organization","name":"Promajna Tours d.o.o.","url":"https:\/\/www.promajna-tours.hr\/","logo":{"@type":"ImageObject","inLanguage":"pl-PL","@id":"https:\/\/www.promajna-tours.hr\/#\/schema\/logo\/image\/","url":"https:\/\/www.promajna-tours.hr\/wp-content\/uploads\/2021\/11\/logo-novi.png","contentUrl":"https:\/\/www.promajna-tours.hr\/wp-content\/uploads\/2021\/11\/logo-novi.png","width":216,"height":129,"caption":"Promajna Tours d.o.o."},"image":{"@id":"https:\/\/www.promajna-tours.hr\/#\/schema\/logo\/image\/"},"sameAs":["https:\/\/www.facebook.com\/promajnatoursHR\/","https:\/\/twitter.com\/promajnatours","https:\/\/www.instagram.com\/promajnatours\/","https:\/\/www.youtube.com\/channel\/UCMDAfrJ-MCRDYzjXTBoVIXA"]},{"@type":"Person","@id":"https:\/\/www.promajna-tours.hr\/#\/schema\/person\/30cdf7862e38ec80cb2777061b6c27c0","name":"Promajna","sameAs":["https:\/\/www.promajna-tours.hr"],"url":"https:\/\/www.promajna-tours.hr\/pl\/author\/dubravko\/"}]}},"_links":{"self":[{"href":"https:\/\/www.promajna-tours.hr\/pl\/wp-json\/wp\/v2\/posts\/310199"}],"collection":[{"href":"https:\/\/www.promajna-tours.hr\/pl\/wp-json\/wp\/v2\/posts"}],"about":[{"href":"https:\/\/www.promajna-tours.hr\/pl\/wp-json\/wp\/v2\/types\/post"}],"author":[{"embeddable":true,"href":"https:\/\/www.promajna-tours.hr\/pl\/wp-json\/wp\/v2\/users\/1"}],"replies":[{"embeddable":true,"href":"https:\/\/www.promajna-tours.hr\/pl\/wp-json\/wp\/v2\/comments?post=310199"}],"version-history":[{"count":0,"href":"https:\/\/www.promajna-tours.hr\/pl\/wp-json\/wp\/v2\/posts\/310199\/revisions"}],"wp:attachment":[{"href":"https:\/\/www.promajna-tours.hr\/pl\/wp-json\/wp\/v2\/media?parent=310199"}],"wp:term":[{"taxonomy":"category","embeddable":true,"href":"https:\/\/www.promajna-tours.hr\/pl\/wp-json\/wp\/v2\/categories?post=310199"},{"taxonomy":"post_tag","embeddable":true,"href":"https:\/\/www.promajna-tours.hr\/pl\/wp-json\/wp\/v2\/tags?post=310199"}],"curies":[{"name":"wp","href":"https:\/\/api.w.org\/{rel}","templated":true}]}}