{"id":310228,"date":"2018-02-19T14:45:29","date_gmt":"2018-02-19T13:45:29","guid":{"rendered":"https:\/\/www.promajna-tours.hr\/historia-makarska-muzeum-malakologiczna\/"},"modified":"2018-02-19T14:45:29","modified_gmt":"2018-02-19T13:45:29","slug":"historia-makarska-muzeum-malakologiczna","status":"publish","type":"post","link":"https:\/\/www.promajna-tours.hr\/pl\/historia-makarska-muzeum-malakologiczna\/","title":{"rendered":"Historia Makarska &#8211; Muzeum malakologiczna"},"content":{"rendered":"<p>Od czas\u00f3w staro\u017cytnych, p\u00f3\u0142wyspy Osejava i Sveti Petar Cove by\u0142y naturalne schroniska dla statk\u00f3w z\u0142owionych na Adriatyku burz. To nie jest ma\u0142y cud, \u017ce osada zosta\u0142a za\u0142o\u017cona na lokalnym brzegu. Dostarczy\u0142 on odpoczynku i zaopatrzenia dla za\u0142\u00f3g licznych statk\u00f3w handlowych, wojskowych fregaty, a czasami pirata, kt\u00f3ry obieca\u0142, \u017ce nie \u017ale si\u0119 zachowuj\u0105 na dokach.<\/p>\n<p>Ta osada wzros\u0142a jak handel wzros\u0142a, i zosta\u0142 nazwany Makarska. Dzi\u015b, wiele stuleci po jego zastanowieniu, jest znany jako jeden z najpi\u0119kniejszych miast nadmorskich Chorwacji, znany z brukowanych uliczek i wielu Palm, kt\u00f3re zdobi\u0105 jego g\u0142\u00f3wnej promenadzie. Ze wzgl\u0119du na swoje naturalne pi\u0119kno i du\u017ce mo\u017cliwo\u015bci turystyczne, ca\u0142y region, kt\u00f3ry jest wok\u00f3\u0142 miasta zosta\u0142 nazwany Riwierze Makarskiej.<\/p>\n<p>Wi\u0119c co jest do zrobienia i co tam jest zobaczy\u0107 w tym chorwackim mie\u015bcie? Oto sugestia:<\/p>\n<p><a href=\"https:\/\/www.promajna-tours.hr\/wp-content\/uploads\/2018\/02\/muzej.jpg\"><img decoding=\"async\" loading=\"lazy\" src=\"https:\/\/www.promajna-tours.hr\/wp-content\/uploads\/2018\/02\/muzej.jpg\" alt=\"muzej\" width=\"685\" height=\"397\" class=\"aligncenter size-full wp-image-259842\" \/><\/a><\/p>\n<p>Poniewa\u017c wi\u0119kszo\u015b\u0107 \u017cycia w mie\u015bcie Makarska by\u0142 \u015bci\u015ble zwi\u0105zane z morzem, mieszka\u0144cy s\u0105 zdecydowanie ekspert\u00f3w w swojej flory i fauny. <a href=\"\"https:\/\/www.promajna-tours.hr\/en\/\"\"><\/a> Jest to r\u00f3wnie\u017c pow\u00f3d, dla kt\u00f3rego nie maj\u0105 jednego, ale dw\u00f3ch muze\u00f3w specjalnie po\u015bwi\u0119conych \u017cyciu podwodnemu. Jednym z nich jest Muzeum malakologiczna, kt\u00f3ry znajduje si\u0119 w XVI-wiecznym klasztorze franciszkan\u00f3w (Franjevacki Put 1), a jego za\u0142o\u017cenia by\u0142 wynikiem dw\u00f3ch mnich\u00f3w z pasj\u0105 do gromadzenia i katalogowania muszle \u015bwiata. Inne by\u0142yby Makarska Muzeum ryb, kraby i muszle, znajduje si\u0119 w ulica FRA Filipa Grabovca BB. Obie te strony posiadaj\u0105 liczne eksponaty i \u015brodki, aby dowiedzie\u0107 si\u0119 o sferze pod falami. Makarska posiada r\u00f3wnie\u017c w\u0142asne Muzeum miejskie i liczne galerie sztuki z dzie\u0142ami lokalnych artyst\u00f3w. <\/p>\n<p><a href=\"https:\/\/www.promajna-tours.hr\/wp-content\/uploads\/2018\/02\/muzej21.jpg\"><img decoding=\"async\" loading=\"lazy\" src=\"https:\/\/www.promajna-tours.hr\/wp-content\/uploads\/2018\/02\/muzej21.jpg\" alt=\"muzej2\" width=\"699\" height=\"519\" class=\"aligncenter size-full wp-image-259866\" \/><\/a><\/p>\n<p>Mieszcz\u0105cy si\u0119 w klasztorze franciszkan\u00f3w Naj\u015bwi\u0119tszej Maryi Panny, to Muzeum malakologiczna zosta\u0142o za\u0142o\u017cone przez naukowca i mnicha, zakonnika Jure Radi\u0107 (1920-1990) i jego wsp\u00f3\u0142pracownik\u00f3w w klasztorze. Stworzony z dba\u0142o\u015bci\u0105 o szczeg\u00f3\u0142y naukowe i po\u015bwi\u0119cenie do obchod\u00f3w ukrytych pi\u0119kno\u015bci w otaczaj\u0105cym nas \u015bwiecie (w tym w morzu), fr. Radi\u0107 stworzy\u0142 kolekcj\u0119, kt\u00f3ra jest najlepszy w swoim rodzaju w kraju. <\/p>\n<p><a href=\"https:\/\/www.promajna-tours.hr\/wp-content\/uploads\/2018\/02\/radic1.jpg\"><img decoding=\"async\" loading=\"lazy\" src=\"https:\/\/www.promajna-tours.hr\/wp-content\/uploads\/2018\/02\/radic1.jpg\" alt=\"radic\" width=\"700\" height=\"403\" class=\"aligncenter size-full wp-image-259890\" \/><\/a><\/p>\n<p>Malacology to oddzia\u0142 zoologii, kt\u00f3ry bada ma\u0142\u017ce \u2013 ogromn\u0105 ga\u0142\u0105\u017a kr\u00f3lestwa zwierz\u0105t, kt\u00f3ra obejmuje wszystko, od \u015blimak\u00f3w i \u015blimak\u00f3w po o\u015bmiornice i kalmary oraz wiele r\u00f3\u017cnych stworze\u0144 z pociskami. Istnieje oko\u0142o 3000 pocisk\u00f3w w jego kolekcji i zbi\u00f3r skamienia\u0142o\u015bci bezkr\u0119gowc\u00f3w. Maj\u0105 one r\u00f3wnie\u017c kolekcj\u0119 na florze g\u00f3r Biokovo i regionu Adriatyku. Ich zbi\u00f3r muszli zawiera kilka spektakularnych okaz\u00f3w z Adriatyku, a tak\u017ce pi\u0119kne muszle z ca\u0142ego \u015bwiata. Tak wi\u0119c, czy jeste\u015b pocz\u0105tkuj\u0105cym biologiem czy tylko ciekawym przechodniem, na pewno b\u0119dzie co\u015b, co zapiera dech w piersiach.<\/p>\n<p><a href=\"https:\/\/www.promajna-tours.hr\/\"><\/a><\/p>\n","protected":false},"excerpt":{"rendered":"<p>Od czas\u00f3w staro\u017cytnych, p\u00f3\u0142wyspy Osejava i Sveti Petar Cove by\u0142y naturalne schroniska dla statk\u00f3w z\u0142owionych na Adriatyku burz. To nie jest ma\u0142y cud, \u017ce osada zosta\u0142a za\u0142o\u017cona na lokalnym brzegu. Dostarczy\u0142 on odpoczynku i zaopatrzenia dla za\u0142\u00f3g licznych statk\u00f3w handlowych, wojskowych fregaty, a czasami pirata, kt\u00f3ry obieca\u0142, \u017ce nie \u017ale si\u0119 zachowuj\u0105 na dokach. Ta&#8230;<\/p>\n","protected":false},"author":1,"featured_media":309939,"comment_status":"closed","ping_status":"closed","sticky":false,"template":"","format":"standard","meta":[],"categories":[305],"tags":[977,978,979,980,981],"acf":[],"yoast_head":"<!-- This site is optimized with the Yoast SEO plugin v20.6 - https:\/\/yoast.com\/wordpress\/plugins\/seo\/ -->\n<title>Historia Makarska - Muzeum malakologiczna - Promajna Tours<\/title>\n<meta name=\"robots\" content=\"index, follow, max-snippet:-1, max-image-preview:large, max-video-preview:-1\" \/>\n<link rel=\"canonical\" href=\"https:\/\/www.promajna-tours.hr\/pl\/historia-makarska-muzeum-malakologiczna\/\" \/>\n<meta property=\"og:locale\" content=\"pl_PL\" \/>\n<meta property=\"og:type\" content=\"article\" \/>\n<meta property=\"og:title\" content=\"Historia Makarska - Muzeum malakologiczna - Promajna Tours\" \/>\n<meta property=\"og:description\" content=\"Od czas\u00f3w staro\u017cytnych, p\u00f3\u0142wyspy Osejava i Sveti Petar Cove by\u0142y naturalne schroniska dla statk\u00f3w z\u0142owionych na Adriatyku burz. To nie jest ma\u0142y cud, \u017ce osada zosta\u0142a za\u0142o\u017cona na lokalnym brzegu. Dostarczy\u0142 on odpoczynku i zaopatrzenia dla za\u0142\u00f3g licznych statk\u00f3w handlowych, wojskowych fregaty, a czasami pirata, kt\u00f3ry obieca\u0142, \u017ce nie \u017ale si\u0119 zachowuj\u0105 na dokach. Ta...\" \/>\n<meta property=\"og:url\" content=\"https:\/\/www.promajna-tours.hr\/pl\/historia-makarska-muzeum-malakologiczna\/\" \/>\n<meta property=\"og:site_name\" content=\"Promajna Tours\" \/>\n<meta property=\"article:publisher\" content=\"https:\/\/www.facebook.com\/promajnatoursHR\/\" \/>\n<meta property=\"article:published_time\" content=\"2018-02-19T13:45:29+00:00\" \/>\n<meta property=\"og:image\" content=\"https:\/\/www.promajna-tours.hr\/wp-content\/uploads\/2022\/02\/makarska-riva.jpg\" \/>\n\t<meta property=\"og:image:width\" content=\"500\" \/>\n\t<meta property=\"og:image:height\" content=\"318\" \/>\n\t<meta property=\"og:image:type\" content=\"image\/jpeg\" \/>\n<meta name=\"author\" content=\"Promajna\" \/>\n<meta name=\"twitter:card\" content=\"summary_large_image\" \/>\n<meta name=\"twitter:creator\" content=\"@promajnatours\" \/>\n<meta name=\"twitter:site\" content=\"@promajnatours\" \/>\n<meta name=\"twitter:label1\" content=\"Napisane przez\" \/>\n\t<meta name=\"twitter:data1\" content=\"Promajna\" \/>\n\t<meta name=\"twitter:label2\" content=\"Szacowany czas czytania\" \/>\n\t<meta name=\"twitter:data2\" content=\"2 minuty\" \/>\n<script type=\"application\/ld+json\" class=\"yoast-schema-graph\">{\"@context\":\"https:\/\/schema.org\",\"@graph\":[{\"@type\":\"Article\",\"@id\":\"https:\/\/www.promajna-tours.hr\/pl\/historia-makarska-muzeum-malakologiczna\/#article\",\"isPartOf\":{\"@id\":\"https:\/\/www.promajna-tours.hr\/pl\/historia-makarska-muzeum-malakologiczna\/\"},\"author\":{\"name\":\"Promajna\",\"@id\":\"https:\/\/www.promajna-tours.hr\/#\/schema\/person\/30cdf7862e38ec80cb2777061b6c27c0\"},\"headline\":\"Historia Makarska &#8211; Muzeum malakologiczna\",\"datePublished\":\"2018-02-19T13:45:29+00:00\",\"dateModified\":\"2018-02-19T13:45:29+00:00\",\"mainEntityOfPage\":{\"@id\":\"https:\/\/www.promajna-tours.hr\/pl\/historia-makarska-muzeum-malakologiczna\/\"},\"wordCount\":482,\"publisher\":{\"@id\":\"https:\/\/www.promajna-tours.hr\/#organization\"},\"keywords\":[\"historia Makarska\",\"Makarska pochodzenie\",\"malakologiczna Museum\",\"Miasto Makarska\",\"Muzeum Makarska\"],\"articleSection\":[\"Aktualno\u015bci\"],\"inLanguage\":\"pl-PL\"},{\"@type\":\"WebPage\",\"@id\":\"https:\/\/www.promajna-tours.hr\/pl\/historia-makarska-muzeum-malakologiczna\/\",\"url\":\"https:\/\/www.promajna-tours.hr\/pl\/historia-makarska-muzeum-malakologiczna\/\",\"name\":\"Historia Makarska - Muzeum malakologiczna - Promajna Tours\",\"isPartOf\":{\"@id\":\"https:\/\/www.promajna-tours.hr\/#website\"},\"datePublished\":\"2018-02-19T13:45:29+00:00\",\"dateModified\":\"2018-02-19T13:45:29+00:00\",\"breadcrumb\":{\"@id\":\"https:\/\/www.promajna-tours.hr\/pl\/historia-makarska-muzeum-malakologiczna\/#breadcrumb\"},\"inLanguage\":\"pl-PL\",\"potentialAction\":[{\"@type\":\"ReadAction\",\"target\":[\"https:\/\/www.promajna-tours.hr\/pl\/historia-makarska-muzeum-malakologiczna\/\"]}]},{\"@type\":\"BreadcrumbList\",\"@id\":\"https:\/\/www.promajna-tours.hr\/pl\/historia-makarska-muzeum-malakologiczna\/#breadcrumb\",\"itemListElement\":[{\"@type\":\"ListItem\",\"position\":1,\"name\":\"Po\u010detna stranica\",\"item\":\"https:\/\/www.promajna-tours.hr\/pl\/\"},{\"@type\":\"ListItem\",\"position\":2,\"name\":\"Historia Makarska &#8211; Muzeum malakologiczna\"}]},{\"@type\":\"WebSite\",\"@id\":\"https:\/\/www.promajna-tours.hr\/#website\",\"url\":\"https:\/\/www.promajna-tours.hr\/\",\"name\":\"Promajna Tours\",\"description\":\"Apartmani Makarska rivijera\",\"publisher\":{\"@id\":\"https:\/\/www.promajna-tours.hr\/#organization\"},\"potentialAction\":[{\"@type\":\"SearchAction\",\"target\":{\"@type\":\"EntryPoint\",\"urlTemplate\":\"https:\/\/www.promajna-tours.hr\/?s={search_term_string}\"},\"query-input\":\"required name=search_term_string\"}],\"inLanguage\":\"pl-PL\"},{\"@type\":\"Organization\",\"@id\":\"https:\/\/www.promajna-tours.hr\/#organization\",\"name\":\"Promajna Tours d.o.o.\",\"url\":\"https:\/\/www.promajna-tours.hr\/\",\"logo\":{\"@type\":\"ImageObject\",\"inLanguage\":\"pl-PL\",\"@id\":\"https:\/\/www.promajna-tours.hr\/#\/schema\/logo\/image\/\",\"url\":\"https:\/\/www.promajna-tours.hr\/wp-content\/uploads\/2021\/11\/logo-novi.png\",\"contentUrl\":\"https:\/\/www.promajna-tours.hr\/wp-content\/uploads\/2021\/11\/logo-novi.png\",\"width\":216,\"height\":129,\"caption\":\"Promajna Tours d.o.o.\"},\"image\":{\"@id\":\"https:\/\/www.promajna-tours.hr\/#\/schema\/logo\/image\/\"},\"sameAs\":[\"https:\/\/www.facebook.com\/promajnatoursHR\/\",\"https:\/\/twitter.com\/promajnatours\",\"https:\/\/www.instagram.com\/promajnatours\/\",\"https:\/\/www.youtube.com\/channel\/UCMDAfrJ-MCRDYzjXTBoVIXA\"]},{\"@type\":\"Person\",\"@id\":\"https:\/\/www.promajna-tours.hr\/#\/schema\/person\/30cdf7862e38ec80cb2777061b6c27c0\",\"name\":\"Promajna\",\"sameAs\":[\"https:\/\/www.promajna-tours.hr\"],\"url\":\"https:\/\/www.promajna-tours.hr\/pl\/author\/dubravko\/\"}]}<\/script>\n<!-- \/ Yoast SEO plugin. -->","yoast_head_json":{"title":"Historia Makarska - Muzeum malakologiczna - Promajna Tours","robots":{"index":"index","follow":"follow","max-snippet":"max-snippet:-1","max-image-preview":"max-image-preview:large","max-video-preview":"max-video-preview:-1"},"canonical":"https:\/\/www.promajna-tours.hr\/pl\/historia-makarska-muzeum-malakologiczna\/","og_locale":"pl_PL","og_type":"article","og_title":"Historia Makarska - Muzeum malakologiczna - Promajna Tours","og_description":"Od czas\u00f3w staro\u017cytnych, p\u00f3\u0142wyspy Osejava i Sveti Petar Cove by\u0142y naturalne schroniska dla statk\u00f3w z\u0142owionych na Adriatyku burz. To nie jest ma\u0142y cud, \u017ce osada zosta\u0142a za\u0142o\u017cona na lokalnym brzegu. Dostarczy\u0142 on odpoczynku i zaopatrzenia dla za\u0142\u00f3g licznych statk\u00f3w handlowych, wojskowych fregaty, a czasami pirata, kt\u00f3ry obieca\u0142, \u017ce nie \u017ale si\u0119 zachowuj\u0105 na dokach. Ta...","og_url":"https:\/\/www.promajna-tours.hr\/pl\/historia-makarska-muzeum-malakologiczna\/","og_site_name":"Promajna Tours","article_publisher":"https:\/\/www.facebook.com\/promajnatoursHR\/","article_published_time":"2018-02-19T13:45:29+00:00","og_image":[{"width":500,"height":318,"url":"https:\/\/www.promajna-tours.hr\/wp-content\/uploads\/2022\/02\/makarska-riva.jpg","type":"image\/jpeg"}],"author":"Promajna","twitter_card":"summary_large_image","twitter_creator":"@promajnatours","twitter_site":"@promajnatours","twitter_misc":{"Napisane przez":"Promajna","Szacowany czas czytania":"2 minuty"},"schema":{"@context":"https:\/\/schema.org","@graph":[{"@type":"Article","@id":"https:\/\/www.promajna-tours.hr\/pl\/historia-makarska-muzeum-malakologiczna\/#article","isPartOf":{"@id":"https:\/\/www.promajna-tours.hr\/pl\/historia-makarska-muzeum-malakologiczna\/"},"author":{"name":"Promajna","@id":"https:\/\/www.promajna-tours.hr\/#\/schema\/person\/30cdf7862e38ec80cb2777061b6c27c0"},"headline":"Historia Makarska &#8211; Muzeum malakologiczna","datePublished":"2018-02-19T13:45:29+00:00","dateModified":"2018-02-19T13:45:29+00:00","mainEntityOfPage":{"@id":"https:\/\/www.promajna-tours.hr\/pl\/historia-makarska-muzeum-malakologiczna\/"},"wordCount":482,"publisher":{"@id":"https:\/\/www.promajna-tours.hr\/#organization"},"keywords":["historia Makarska","Makarska pochodzenie","malakologiczna Museum","Miasto Makarska","Muzeum Makarska"],"articleSection":["Aktualno\u015bci"],"inLanguage":"pl-PL"},{"@type":"WebPage","@id":"https:\/\/www.promajna-tours.hr\/pl\/historia-makarska-muzeum-malakologiczna\/","url":"https:\/\/www.promajna-tours.hr\/pl\/historia-makarska-muzeum-malakologiczna\/","name":"Historia Makarska - Muzeum malakologiczna - Promajna Tours","isPartOf":{"@id":"https:\/\/www.promajna-tours.hr\/#website"},"datePublished":"2018-02-19T13:45:29+00:00","dateModified":"2018-02-19T13:45:29+00:00","breadcrumb":{"@id":"https:\/\/www.promajna-tours.hr\/pl\/historia-makarska-muzeum-malakologiczna\/#breadcrumb"},"inLanguage":"pl-PL","potentialAction":[{"@type":"ReadAction","target":["https:\/\/www.promajna-tours.hr\/pl\/historia-makarska-muzeum-malakologiczna\/"]}]},{"@type":"BreadcrumbList","@id":"https:\/\/www.promajna-tours.hr\/pl\/historia-makarska-muzeum-malakologiczna\/#breadcrumb","itemListElement":[{"@type":"ListItem","position":1,"name":"Po\u010detna stranica","item":"https:\/\/www.promajna-tours.hr\/pl\/"},{"@type":"ListItem","position":2,"name":"Historia Makarska &#8211; Muzeum malakologiczna"}]},{"@type":"WebSite","@id":"https:\/\/www.promajna-tours.hr\/#website","url":"https:\/\/www.promajna-tours.hr\/","name":"Promajna Tours","description":"Apartmani Makarska rivijera","publisher":{"@id":"https:\/\/www.promajna-tours.hr\/#organization"},"potentialAction":[{"@type":"SearchAction","target":{"@type":"EntryPoint","urlTemplate":"https:\/\/www.promajna-tours.hr\/?s={search_term_string}"},"query-input":"required name=search_term_string"}],"inLanguage":"pl-PL"},{"@type":"Organization","@id":"https:\/\/www.promajna-tours.hr\/#organization","name":"Promajna Tours d.o.o.","url":"https:\/\/www.promajna-tours.hr\/","logo":{"@type":"ImageObject","inLanguage":"pl-PL","@id":"https:\/\/www.promajna-tours.hr\/#\/schema\/logo\/image\/","url":"https:\/\/www.promajna-tours.hr\/wp-content\/uploads\/2021\/11\/logo-novi.png","contentUrl":"https:\/\/www.promajna-tours.hr\/wp-content\/uploads\/2021\/11\/logo-novi.png","width":216,"height":129,"caption":"Promajna Tours d.o.o."},"image":{"@id":"https:\/\/www.promajna-tours.hr\/#\/schema\/logo\/image\/"},"sameAs":["https:\/\/www.facebook.com\/promajnatoursHR\/","https:\/\/twitter.com\/promajnatours","https:\/\/www.instagram.com\/promajnatours\/","https:\/\/www.youtube.com\/channel\/UCMDAfrJ-MCRDYzjXTBoVIXA"]},{"@type":"Person","@id":"https:\/\/www.promajna-tours.hr\/#\/schema\/person\/30cdf7862e38ec80cb2777061b6c27c0","name":"Promajna","sameAs":["https:\/\/www.promajna-tours.hr"],"url":"https:\/\/www.promajna-tours.hr\/pl\/author\/dubravko\/"}]}},"_links":{"self":[{"href":"https:\/\/www.promajna-tours.hr\/pl\/wp-json\/wp\/v2\/posts\/310228"}],"collection":[{"href":"https:\/\/www.promajna-tours.hr\/pl\/wp-json\/wp\/v2\/posts"}],"about":[{"href":"https:\/\/www.promajna-tours.hr\/pl\/wp-json\/wp\/v2\/types\/post"}],"author":[{"embeddable":true,"href":"https:\/\/www.promajna-tours.hr\/pl\/wp-json\/wp\/v2\/users\/1"}],"replies":[{"embeddable":true,"href":"https:\/\/www.promajna-tours.hr\/pl\/wp-json\/wp\/v2\/comments?post=310228"}],"version-history":[{"count":0,"href":"https:\/\/www.promajna-tours.hr\/pl\/wp-json\/wp\/v2\/posts\/310228\/revisions"}],"wp:featuredmedia":[{"embeddable":true,"href":"https:\/\/www.promajna-tours.hr\/pl\/wp-json\/wp\/v2\/media\/309939"}],"wp:attachment":[{"href":"https:\/\/www.promajna-tours.hr\/pl\/wp-json\/wp\/v2\/media?parent=310228"}],"wp:term":[{"taxonomy":"category","embeddable":true,"href":"https:\/\/www.promajna-tours.hr\/pl\/wp-json\/wp\/v2\/categories?post=310228"},{"taxonomy":"post_tag","embeddable":true,"href":"https:\/\/www.promajna-tours.hr\/pl\/wp-json\/wp\/v2\/tags?post=310228"}],"curies":[{"name":"wp","href":"https:\/\/api.w.org\/{rel}","templated":true}]}}