{"id":310241,"date":"2014-04-25T09:02:07","date_gmt":"2014-04-25T07:02:07","guid":{"rendered":"https:\/\/www.promajna-tours.hr\/vily-s-bazenom-ostrove-brac-promajna-tours-hr\/"},"modified":"2014-04-25T09:02:07","modified_gmt":"2014-04-25T07:02:07","slug":"vily-s-bazenom-ostrove-brac-promajna-tours-hr","status":"publish","type":"post","link":"https:\/\/www.promajna-tours.hr\/sk\/vily-s-bazenom-ostrove-brac-promajna-tours-hr\/","title":{"rendered":"Vily s baz\u00e9nom ostrove Bra\u010d Promajna tours.hr"},"content":{"rendered":"<p><strong>Vily s baz\u00e9nom<\/strong> <em>ostrove Bra\u010d<\/em> Promajna tours.hr<\/p>\n<p>Poz\u00fdvame V\u00e1s te\u0161i\u0165 na <em>ostrove Bra\u010d<\/em> v jednom z na\u0161ich vily &#8230;<\/p>\n<p><strong>Vily s baz\u00e9nom Vjeka<\/strong><\/p>\n<div id=\"attachment_44473\" style=\"width: 205px\" class=\"wp-caption alignnone\"><a href=\"https:\/\/www.promajna-tours.hr\/wp-content\/uploads\/2014\/04\/123.jpg\"><img aria-describedby=\"caption-attachment-44473\" decoding=\"async\" loading=\"lazy\" class=\"size-medium wp-image-44473 \" title=\"Bra\u010d apartm\u00e1ny\" alt=\"Bra\u010d apartm\u00e1ny - Villa Vjeka\" src=\"https:\/\/www.promajna-tours.hr\/wp-content\/uploads\/2014\/04\/123-300x300.jpg\" width=\"195\" height=\"195\" \/><\/a><p id=\"caption-attachment-44473\" class=\"wp-caption-text\">Villa Vjeka sa nach\u00e1dza v z\u00e1padnej \u010dasti malebnej obci Sumartin na ostrove Bra\u010d.<\/p><\/div>\n<p>&nbsp;<\/p>\n<p><a title=\"Bra\u010d apartm\u00e1ny\" href=\"https:\/\/www.promajna-tours.hr\/sk\/\">Villa Vjeka<\/a> sa nach\u00e1dza v z\u00e1padnej \u010dasti malebnej obci Sumartin na <em>ostrove Bra\u010d<\/em>. Jedn\u00e1 sa o tradi\u010dn\u00e9 dalmat\u00ednske kamenn\u00fd dom zrekon\u0161truovan\u00fd 2011th a zariaden\u00e9 p\u00f4vodn\u00fdm dobov\u00fdm n\u00e1bytkom. T\u00e1to o\u010daruj\u00face vila m\u00f4\u017ee ubytova\u0165 8 do 10 \u013eud\u00ed. V pr\u00edzem\u00ed sa nach\u00e1dza kuchy\u0148a \/ jed\u00e1le\u0148 \/ ob\u00fdvacia izba, samostatn\u00e9 WC a sp\u00e1l\u0148a s k\u00fape\u013e\u0148ou. A kr\u00e1sna z\u00e1hrada so stredomorskou veget\u00e1ciou a z\u00e1hradn\u00fa terasu s vlastn\u00fdm baz\u00e9nom. V hornom poschod\u00ed s\u00fa tri sp\u00e1lne, dve k\u00fape\u013ene, dva balk\u00f3ny a ve\u013ek\u00e1 terasa s v\u00fdh\u013eadom na more vybaven\u00e9 stolom a stoli\u010dkami. Ak chcete, aby v\u00e1\u0161 pobyt na ostrove Bra\u010d, ako pr\u00edjemn\u00e9 je to mo\u017en\u00e9, je vila vybaven\u00e1 v\u0161etk\u00fdm potrebn\u00fdm zariaden\u00edm.<br \/>\nDetsk\u00e1 stoli\u010dka a detsk\u00e1 postie\u013eka s\u00fa k dispoz\u00edcii na vy\u017eiadanie. Z\u013eava za skor\u00fa rezerv\u00e1ciu do 31.12. je 5%. Poplatok nie je zahrnut\u00fd.<\/p>\n<p><strong>Vily s baz\u00e9nom Lukrecia<\/strong><\/p>\n<div id=\"attachment_43207\" style=\"width: 191px\" class=\"wp-caption alignnone\"><a href=\"https:\/\/www.promajna-tours.hr\/wp-content\/uploads\/2014\/03\/accommodation_croatia_dalmatia_brac_villa-lukrecia008.jpg\"><img aria-describedby=\"caption-attachment-43207\" decoding=\"async\" loading=\"lazy\" class=\"size-medium wp-image-43207 \" title=\"Vila s baz\u00e9nem Lukr\u00e9cia\" alt=\"Vila s baz\u00e9nem Lukr\u00e9cia - Supetar ostov Bra\u010d\" src=\"https:\/\/www.promajna-tours.hr\/wp-content\/uploads\/2014\/03\/accommodation_croatia_dalmatia_brac_villa-lukrecia008-300x300.jpg\" width=\"181\" height=\"181\" \/><\/a><p id=\"caption-attachment-43207\" class=\"wp-caption-text\">Villa s baz\u00e9nom Lukrecia , Bra\u010d , kamenn\u00fd dom obklopen\u00fd kr\u00e1snou z\u00e1hradou v pokojnej \u010dasti mesta Supetar .<\/p><\/div>\n<p>&nbsp;<\/p>\n<p><a title=\"Bra\u010d apartm\u00e1ny\" href=\"https:\/\/www.promajna-tours.hr\/sk\/\">Villa s baz\u00e9nom<\/a> Lukrecia , <em>Bra\u010d<\/em> , kamenn\u00fd dom obklopen\u00fd kr\u00e1snou z\u00e1hradou v pokojnej \u010dasti mesta Supetar . Sklad\u00e1 sa z pr\u00edzemia a prvom poschod\u00ed .<br \/>\nV pr\u00edzem\u00ed sa nach\u00e1z\u00edkuchy\u0148 \/ jed\u00e1le\u0148 \/ ob\u00fdvacia izba ( 40 m2 ) , sp\u00e1l\u0148a s man\u017eelskou poste\u013eou a k\u00fape\u013e\u0148ou . Z jed\u00e1lne sa m\u00f4\u017eete dosta\u0165 von na otvorenej terase ( 30 m2 ) a krytou terasou ( 40 m2 ) s vlastn\u00fdm vonkaj\u0161\u00edm baz\u00e9nom ( 23 m2 ) a z\u00e1hradu . Terasy s\u00fa vybaven\u00e9 z\u00e1hradn\u00fdm n\u00e1bytkom , a tam jegril .<br \/>\nV poschod\u00ed s\u00fa tri sp\u00e1lne s man\u017eelskou poste\u013eou , a dvaja z nich maj\u00fa vlastn\u00fa k\u00fape\u013e\u0148u so sprchovac\u00edm k\u00fatom , paklo\u017enice s jedn\u00fdm l\u00f4\u017ekom a samostatn\u00fdm soci\u00e1lnym zariaden\u00edm . T\u00e1to o\u010daruj\u00face vila m\u00f4\u017ee ubytova\u0165 dev\u00e4\u0165 \u013eud\u00ed , a mo\u017enos\u0165 pre \u010fal\u0161ie ubytovanie v dvoch apartm\u00e1noch . V ka\u017edom apartm\u00e1ne je mo\u017en\u00e9 ubytova\u0165 a\u017e 4 osoby .<br \/>\nPrv\u00fd apartm\u00e1n Lukr\u00e9cia *** ( 2 +2 ) , 40 m2 , ob\u00fdvacia izba, kuchy\u0148a , sp\u00e1l\u0148a s man\u017eelskou poste\u013eou a k\u00fape\u013e\u0148ou so sprchovac\u00edm k\u00fatom . To nie je vybaven\u00fd klimatiz\u00e1ciou . M\u00e1 pr\u00edstup do z\u00e1hrady , kde je n\u00e1bytok , stredomorsk\u00e9 rastliny , ovocn\u00fd sad a parkovanie . Kuchy\u0148a apartm\u00e1nu patr\u00ed spor\u00e1k ( plyn \/ elektrina ) , kapuc\u0148a , mini &#8211; chladni\u010dkou , r\u00farou , k\u00e1vovarom a mikrovlnnou r\u00farou . \u010eal\u0161\u00ed byt Lukr\u00e9cia *** ( 2 +2 ) sa vz\u0165ahuje aj na 40 m2 a m\u00e1 ob\u00fdvaciu izbu , kuchy\u0148a , sp\u00e1l\u0148a s man\u017eelskou poste\u013eou , k\u00fape\u013e\u0148a so sprchovac\u00edm k\u00fatom a balk\u00f3n , klimatiz\u00e1ciu a parkovisko . Kuchy\u0148a apartm\u00e1nu patr\u00ed spor\u00e1k ( plyn \/ elektrina ) , digestor , mal\u00e1 chladni\u010dka , r\u00fara , k\u00e1vovar a mikrovlnn\u00e1 r\u00fara . Pr\u00edstelka pre die\u0165a je k dispoz\u00edcii na vy\u017eiadanie .<\/p>\n<p><strong>Vily s baz\u00e9nom Lorena<\/strong><\/p>\n<div id=\"attachment_43114\" style=\"width: 198px\" class=\"wp-caption alignnone\"><a href=\"https:\/\/www.promajna-tours.hr\/wp-content\/uploads\/2014\/03\/8CB_0407_ORVAS_VILLA_LORENA_SUTIVAN_x1.jpg\"><img aria-describedby=\"caption-attachment-43114\" decoding=\"async\" loading=\"lazy\" class=\"size-medium wp-image-43114 \" title=\"Vila s baz\u00e9nem Lorena\" alt=\"Vila s baz\u00e9nem Lorena ostrov Bra\u010d\" src=\"https:\/\/www.promajna-tours.hr\/wp-content\/uploads\/2014\/03\/8CB_0407_ORVAS_VILLA_LORENA_SUTIVAN_x1-300x300.jpg\" width=\"188\" height=\"188\" \/><\/a><p id=\"caption-attachment-43114\" class=\"wp-caption-text\">Vila s baz\u00e9nom Lorena ostrov Bra\u010d (20 m2) sa nach\u00e1dza do tohto mesta na ostrove, 300 metrov od centra mesta a 500 m od pl\u00e1\u017ee.<\/p><\/div>\n<p><strong>Vila s baz\u00e9nom<\/strong> Lorena <em>ostrov Bra\u010d<\/em> (20 m2) sa nach\u00e1dza do tohto mesta na ostrove, 300 metrov od centra mesta a 500 m od pl\u00e1\u017ee. Je obklopen\u00fd z\u00e1hradou a m\u00e1 2 ve\u013ek\u00e1 z\u00e1hradn\u00e1 terasa. Vila s baz\u00e9nom Lorena ostrove Bra\u010d pohodlne ubytova\u0165 a\u017e osem os\u00f4b. V pr\u00edzem\u00ed (40 m2) m\u00e1 kuchy\u0148u, jed\u00e1le\u0148, ob\u00fdvacia izba, sp\u00e1l\u0148a s man\u017eelskou poste\u013eou s man\u017eelskou poste\u013eou a k\u00fape\u013e\u0148ou. V prvom poschod\u00ed (65 m2) je kuchy\u0148a a jed\u00e1le\u0148, ob\u00fdvacia izba, dve sp\u00e1lne (man\u017eelsk\u00e1 poste\u013e) a k\u00fape\u013e\u0148a. Z\u013eava za skor\u00fa rezerv\u00e1ciu do 31.12.2013. 5% za obdobie: 01.01.-13.06. a 13.09.-31.12. Detsk\u00e1 stoli\u010dka a detsk\u00e1 postie\u013eka pre deti k dispoz\u00edcii na vy\u017eiadanie.<br style=\"mso-special-character: line-break;\" \/><span style=\"font-size: 11.0pt; line-height: 115%; font-family: 'Calibri','sans-serif'; mso-fareast-font-family: Calibri; mso-bidi-font-family: 'Times New Roman'; mso-ansi-language: HR; mso-fareast-language: EN-US; mso-bidi-language: AR-SA;\"> <br style=\"mso-special-character: line-break;\" \/> <\/span><\/p>\n<p><strong>Villa Valentina<\/strong><\/p>\n<div id=\"attachment_44020\" style=\"width: 197px\" class=\"wp-caption alignnone\"><a href=\"https:\/\/www.promajna-tours.hr\/wp-content\/uploads\/2014\/04\/110.jpg\"><img aria-describedby=\"caption-attachment-44020\" decoding=\"async\" loading=\"lazy\" class=\"size-medium wp-image-44020 \" title=\"Villa Valentina\" alt=\"Villa Valentina - ostrov Bra\u010d\" src=\"https:\/\/www.promajna-tours.hr\/wp-content\/uploads\/2014\/04\/110-300x300.jpg\" width=\"187\" height=\"187\" \/><\/a><p id=\"caption-attachment-44020\" class=\"wp-caption-text\">Villa Valentina sa nach\u00e1dza 1 km od centra mesta na ostrove, v n\u00e1dhernej pokojnej z\u00e1toke, na pozemku 2000 m2<\/p><\/div>\n<p>&nbsp;<\/p>\n<p><strong>Villa Valentina<\/strong> sa nach\u00e1dza 1 km od centra mesta na ostrove, v n\u00e1dhernej pokojnej z\u00e1toke, na pozemku 2000 m2 s olivov\u00fdmi h\u00e1jmi a vinicami a stredomorskej veget\u00e1cie a organick\u00e9 sez\u00f3nnej zeleniny a ovocia pre host\u00ed.<br \/>\nJedn\u00e1 sa o tradi\u010dn\u00e9 dalmat\u00ednske kamenn\u00fd dom v bl\u00edzkosti mora a bl\u00edzko r\u00f4znych ciest pozd\u013a\u017e pobre\u017eia a cez borovicov\u00fd les, olivovn\u00edky ciest, chodn\u00edkov a chodn\u00edkov pre rekre\u00e1ciu. Villa pon\u00faka pokoj a pr\u00edjemn\u00e9 zvuky, ktor\u00e9 dosiahnu\u0165 domu s\u00fa zvuky mora a vt\u00e1ci \u0161vito\u0159en\u00ed cvr\u010dkov a hlasovania z ne\u010falek\u00e9ho borovicov\u00e9ho lesa. V\u0161etky izby s\u00fa umiestnen\u00e9 na rovnakom poschod\u00ed. Dom sa sklad\u00e1 z dvoch sp\u00e1ln\u00ed, k\u00fape\u013e\u0148a, kuchy\u0148a, ob\u00fdvacia izba, jed\u00e1le\u0148 a terasa 50 m2.<br \/>\nV Supetaru a okol\u00ed je pln\u00e1 re\u0161taur\u00e1ci\u00ed, taverien dalmat\u00ednske, rovnako ako ran\u010d sa nach\u00e1dza 500 m V z\u00e1hrade je v\u00edrivka 4,5 m2 mal\u00e9 detsk\u00e9 ihrisko, hojda\u010dky a leh\u00e1tka. Z\u013eava za skor\u00fa rezerv\u00e1ciu do 31.12.:. 5% za obdobie: 01.01.-15.06. a 15.09.-31.12. Detsk\u00e1 stoli\u010dka a detsk\u00e1 postie\u013eka pre deti k dispoz\u00edcii na vy\u017eiadanie.<\/p>\n<p>&nbsp;<\/p>\n<p><strong>Nav\u0161tivte n\u00e1s na Facebooku<\/strong> : <a title=\"Sunshine Republic of Promajna\" href=\"http:\/\/www.facebook.com\/sunshine.promajna\">https:\/\/www.facebook.com\/sunshine.promajna<\/a><\/p>\n<p>&nbsp;<\/p>\n<p>&nbsp;<\/p>\n<p>&nbsp;<\/p>\n","protected":false},"excerpt":{"rendered":"<p>Vily s baz\u00e9nom ostrove Bra\u010d Promajna tours.hr Poz\u00fdvame V\u00e1s te\u0161i\u0165 na ostrove Bra\u010d v jednom z na\u0161ich vily &#8230; Vily s baz\u00e9nom Vjeka &nbsp; Villa Vjeka sa nach\u00e1dza v z\u00e1padnej \u010dasti malebnej obci Sumartin na ostrove Bra\u010d. Jedn\u00e1 sa o tradi\u010dn\u00e9 dalmat\u00ednske kamenn\u00fd dom zrekon\u0161truovan\u00fd 2011th a zariaden\u00e9 p\u00f4vodn\u00fdm dobov\u00fdm n\u00e1bytkom. T\u00e1to o\u010daruj\u00face vila m\u00f4\u017ee&#8230;<\/p>\n","protected":false},"author":1,"featured_media":0,"comment_status":"closed","ping_status":"closed","sticky":false,"template":"","format":"standard","meta":[],"categories":[306],"tags":[343,354],"acf":[],"yoast_head":"<!-- This site is optimized with the Yoast SEO plugin v20.6 - https:\/\/yoast.com\/wordpress\/plugins\/seo\/ -->\n<title>Vily s baz\u00e9nom ostrove Bra\u010d Promajna tours.hr - Promajna Tours<\/title>\n<meta name=\"robots\" content=\"index, follow, max-snippet:-1, max-image-preview:large, max-video-preview:-1\" \/>\n<link rel=\"canonical\" href=\"https:\/\/www.promajna-tours.hr\/sk\/vily-s-bazenom-ostrove-brac-promajna-tours-hr\/\" \/>\n<meta property=\"og:locale\" content=\"sk_SK\" \/>\n<meta property=\"og:type\" content=\"article\" \/>\n<meta property=\"og:title\" content=\"Vily s baz\u00e9nom ostrove Bra\u010d Promajna tours.hr - Promajna Tours\" \/>\n<meta property=\"og:description\" content=\"Vily s baz\u00e9nom ostrove Bra\u010d Promajna tours.hr Poz\u00fdvame V\u00e1s te\u0161i\u0165 na ostrove Bra\u010d v jednom z na\u0161ich vily &#8230; Vily s baz\u00e9nom Vjeka &nbsp; Villa Vjeka sa nach\u00e1dza v z\u00e1padnej \u010dasti malebnej obci Sumartin na ostrove Bra\u010d. Jedn\u00e1 sa o tradi\u010dn\u00e9 dalmat\u00ednske kamenn\u00fd dom zrekon\u0161truovan\u00fd 2011th a zariaden\u00e9 p\u00f4vodn\u00fdm dobov\u00fdm n\u00e1bytkom. T\u00e1to o\u010daruj\u00face vila m\u00f4\u017ee...\" \/>\n<meta property=\"og:url\" content=\"https:\/\/www.promajna-tours.hr\/sk\/vily-s-bazenom-ostrove-brac-promajna-tours-hr\/\" \/>\n<meta property=\"og:site_name\" content=\"Promajna Tours\" \/>\n<meta property=\"article:publisher\" content=\"https:\/\/www.facebook.com\/promajnatoursHR\/\" \/>\n<meta property=\"article:published_time\" content=\"2014-04-25T07:02:07+00:00\" \/>\n<meta property=\"og:image\" content=\"https:\/\/www.promajna-tours.hr\/wp-content\/uploads\/2014\/04\/123-300x300.jpg\" \/>\n<meta name=\"author\" content=\"Promajna\" \/>\n<meta name=\"twitter:card\" content=\"summary_large_image\" \/>\n<meta name=\"twitter:creator\" content=\"@promajnatours\" \/>\n<meta name=\"twitter:site\" content=\"@promajnatours\" \/>\n<meta name=\"twitter:label1\" content=\"Autor\" \/>\n\t<meta name=\"twitter:data1\" content=\"Promajna\" \/>\n\t<meta name=\"twitter:label2\" content=\"Predpokladan\u00fd \u010das \u010d\u00edtania\" \/>\n\t<meta name=\"twitter:data2\" content=\"5 min\u00fat\" \/>\n<script type=\"application\/ld+json\" class=\"yoast-schema-graph\">{\"@context\":\"https:\/\/schema.org\",\"@graph\":[{\"@type\":\"Article\",\"@id\":\"https:\/\/www.promajna-tours.hr\/sk\/vily-s-bazenom-ostrove-brac-promajna-tours-hr\/#article\",\"isPartOf\":{\"@id\":\"https:\/\/www.promajna-tours.hr\/sk\/vily-s-bazenom-ostrove-brac-promajna-tours-hr\/\"},\"author\":{\"name\":\"Promajna\",\"@id\":\"https:\/\/www.promajna-tours.hr\/#\/schema\/person\/30cdf7862e38ec80cb2777061b6c27c0\"},\"headline\":\"Vily s baz\u00e9nom ostrove Bra\u010d Promajna tours.hr\",\"datePublished\":\"2014-04-25T07:02:07+00:00\",\"dateModified\":\"2014-04-25T07:02:07+00:00\",\"mainEntityOfPage\":{\"@id\":\"https:\/\/www.promajna-tours.hr\/sk\/vily-s-bazenom-ostrove-brac-promajna-tours-hr\/\"},\"wordCount\":974,\"publisher\":{\"@id\":\"https:\/\/www.promajna-tours.hr\/#organization\"},\"keywords\":[\"ostrov\u011b Bra\u010d\",\"Vily s baz\u00e9nom\"],\"articleSection\":[\"Spr\u00e1vy\"],\"inLanguage\":\"sk-SK\"},{\"@type\":\"WebPage\",\"@id\":\"https:\/\/www.promajna-tours.hr\/sk\/vily-s-bazenom-ostrove-brac-promajna-tours-hr\/\",\"url\":\"https:\/\/www.promajna-tours.hr\/sk\/vily-s-bazenom-ostrove-brac-promajna-tours-hr\/\",\"name\":\"Vily s baz\u00e9nom ostrove Bra\u010d Promajna tours.hr - Promajna Tours\",\"isPartOf\":{\"@id\":\"https:\/\/www.promajna-tours.hr\/#website\"},\"datePublished\":\"2014-04-25T07:02:07+00:00\",\"dateModified\":\"2014-04-25T07:02:07+00:00\",\"breadcrumb\":{\"@id\":\"https:\/\/www.promajna-tours.hr\/sk\/vily-s-bazenom-ostrove-brac-promajna-tours-hr\/#breadcrumb\"},\"inLanguage\":\"sk-SK\",\"potentialAction\":[{\"@type\":\"ReadAction\",\"target\":[\"https:\/\/www.promajna-tours.hr\/sk\/vily-s-bazenom-ostrove-brac-promajna-tours-hr\/\"]}]},{\"@type\":\"BreadcrumbList\",\"@id\":\"https:\/\/www.promajna-tours.hr\/sk\/vily-s-bazenom-ostrove-brac-promajna-tours-hr\/#breadcrumb\",\"itemListElement\":[{\"@type\":\"ListItem\",\"position\":1,\"name\":\"Po\u010detna stranica\",\"item\":\"https:\/\/www.promajna-tours.hr\/sk\/\"},{\"@type\":\"ListItem\",\"position\":2,\"name\":\"Vily s baz\u00e9nom ostrove Bra\u010d Promajna tours.hr\"}]},{\"@type\":\"WebSite\",\"@id\":\"https:\/\/www.promajna-tours.hr\/#website\",\"url\":\"https:\/\/www.promajna-tours.hr\/\",\"name\":\"Promajna Tours\",\"description\":\"Apartmani Makarska rivijera\",\"publisher\":{\"@id\":\"https:\/\/www.promajna-tours.hr\/#organization\"},\"potentialAction\":[{\"@type\":\"SearchAction\",\"target\":{\"@type\":\"EntryPoint\",\"urlTemplate\":\"https:\/\/www.promajna-tours.hr\/?s={search_term_string}\"},\"query-input\":\"required name=search_term_string\"}],\"inLanguage\":\"sk-SK\"},{\"@type\":\"Organization\",\"@id\":\"https:\/\/www.promajna-tours.hr\/#organization\",\"name\":\"Promajna Tours d.o.o.\",\"url\":\"https:\/\/www.promajna-tours.hr\/\",\"logo\":{\"@type\":\"ImageObject\",\"inLanguage\":\"sk-SK\",\"@id\":\"https:\/\/www.promajna-tours.hr\/#\/schema\/logo\/image\/\",\"url\":\"https:\/\/www.promajna-tours.hr\/wp-content\/uploads\/2021\/11\/logo-novi.png\",\"contentUrl\":\"https:\/\/www.promajna-tours.hr\/wp-content\/uploads\/2021\/11\/logo-novi.png\",\"width\":216,\"height\":129,\"caption\":\"Promajna Tours d.o.o.\"},\"image\":{\"@id\":\"https:\/\/www.promajna-tours.hr\/#\/schema\/logo\/image\/\"},\"sameAs\":[\"https:\/\/www.facebook.com\/promajnatoursHR\/\",\"https:\/\/twitter.com\/promajnatours\",\"https:\/\/www.instagram.com\/promajnatours\/\",\"https:\/\/www.youtube.com\/channel\/UCMDAfrJ-MCRDYzjXTBoVIXA\"]},{\"@type\":\"Person\",\"@id\":\"https:\/\/www.promajna-tours.hr\/#\/schema\/person\/30cdf7862e38ec80cb2777061b6c27c0\",\"name\":\"Promajna\",\"sameAs\":[\"https:\/\/www.promajna-tours.hr\"],\"url\":\"https:\/\/www.promajna-tours.hr\/sk\/author\/dubravko\/\"}]}<\/script>\n<!-- \/ Yoast SEO plugin. -->","yoast_head_json":{"title":"Vily s baz\u00e9nom ostrove Bra\u010d Promajna tours.hr - Promajna Tours","robots":{"index":"index","follow":"follow","max-snippet":"max-snippet:-1","max-image-preview":"max-image-preview:large","max-video-preview":"max-video-preview:-1"},"canonical":"https:\/\/www.promajna-tours.hr\/sk\/vily-s-bazenom-ostrove-brac-promajna-tours-hr\/","og_locale":"sk_SK","og_type":"article","og_title":"Vily s baz\u00e9nom ostrove Bra\u010d Promajna tours.hr - Promajna Tours","og_description":"Vily s baz\u00e9nom ostrove Bra\u010d Promajna tours.hr Poz\u00fdvame V\u00e1s te\u0161i\u0165 na ostrove Bra\u010d v jednom z na\u0161ich vily &#8230; Vily s baz\u00e9nom Vjeka &nbsp; Villa Vjeka sa nach\u00e1dza v z\u00e1padnej \u010dasti malebnej obci Sumartin na ostrove Bra\u010d. Jedn\u00e1 sa o tradi\u010dn\u00e9 dalmat\u00ednske kamenn\u00fd dom zrekon\u0161truovan\u00fd 2011th a zariaden\u00e9 p\u00f4vodn\u00fdm dobov\u00fdm n\u00e1bytkom. T\u00e1to o\u010daruj\u00face vila m\u00f4\u017ee...","og_url":"https:\/\/www.promajna-tours.hr\/sk\/vily-s-bazenom-ostrove-brac-promajna-tours-hr\/","og_site_name":"Promajna Tours","article_publisher":"https:\/\/www.facebook.com\/promajnatoursHR\/","article_published_time":"2014-04-25T07:02:07+00:00","og_image":[{"url":"https:\/\/www.promajna-tours.hr\/wp-content\/uploads\/2014\/04\/123-300x300.jpg"}],"author":"Promajna","twitter_card":"summary_large_image","twitter_creator":"@promajnatours","twitter_site":"@promajnatours","twitter_misc":{"Autor":"Promajna","Predpokladan\u00fd \u010das \u010d\u00edtania":"5 min\u00fat"},"schema":{"@context":"https:\/\/schema.org","@graph":[{"@type":"Article","@id":"https:\/\/www.promajna-tours.hr\/sk\/vily-s-bazenom-ostrove-brac-promajna-tours-hr\/#article","isPartOf":{"@id":"https:\/\/www.promajna-tours.hr\/sk\/vily-s-bazenom-ostrove-brac-promajna-tours-hr\/"},"author":{"name":"Promajna","@id":"https:\/\/www.promajna-tours.hr\/#\/schema\/person\/30cdf7862e38ec80cb2777061b6c27c0"},"headline":"Vily s baz\u00e9nom ostrove Bra\u010d Promajna tours.hr","datePublished":"2014-04-25T07:02:07+00:00","dateModified":"2014-04-25T07:02:07+00:00","mainEntityOfPage":{"@id":"https:\/\/www.promajna-tours.hr\/sk\/vily-s-bazenom-ostrove-brac-promajna-tours-hr\/"},"wordCount":974,"publisher":{"@id":"https:\/\/www.promajna-tours.hr\/#organization"},"keywords":["ostrov\u011b Bra\u010d","Vily s baz\u00e9nom"],"articleSection":["Spr\u00e1vy"],"inLanguage":"sk-SK"},{"@type":"WebPage","@id":"https:\/\/www.promajna-tours.hr\/sk\/vily-s-bazenom-ostrove-brac-promajna-tours-hr\/","url":"https:\/\/www.promajna-tours.hr\/sk\/vily-s-bazenom-ostrove-brac-promajna-tours-hr\/","name":"Vily s baz\u00e9nom ostrove Bra\u010d Promajna tours.hr - Promajna Tours","isPartOf":{"@id":"https:\/\/www.promajna-tours.hr\/#website"},"datePublished":"2014-04-25T07:02:07+00:00","dateModified":"2014-04-25T07:02:07+00:00","breadcrumb":{"@id":"https:\/\/www.promajna-tours.hr\/sk\/vily-s-bazenom-ostrove-brac-promajna-tours-hr\/#breadcrumb"},"inLanguage":"sk-SK","potentialAction":[{"@type":"ReadAction","target":["https:\/\/www.promajna-tours.hr\/sk\/vily-s-bazenom-ostrove-brac-promajna-tours-hr\/"]}]},{"@type":"BreadcrumbList","@id":"https:\/\/www.promajna-tours.hr\/sk\/vily-s-bazenom-ostrove-brac-promajna-tours-hr\/#breadcrumb","itemListElement":[{"@type":"ListItem","position":1,"name":"Po\u010detna stranica","item":"https:\/\/www.promajna-tours.hr\/sk\/"},{"@type":"ListItem","position":2,"name":"Vily s baz\u00e9nom ostrove Bra\u010d Promajna tours.hr"}]},{"@type":"WebSite","@id":"https:\/\/www.promajna-tours.hr\/#website","url":"https:\/\/www.promajna-tours.hr\/","name":"Promajna Tours","description":"Apartmani Makarska rivijera","publisher":{"@id":"https:\/\/www.promajna-tours.hr\/#organization"},"potentialAction":[{"@type":"SearchAction","target":{"@type":"EntryPoint","urlTemplate":"https:\/\/www.promajna-tours.hr\/?s={search_term_string}"},"query-input":"required name=search_term_string"}],"inLanguage":"sk-SK"},{"@type":"Organization","@id":"https:\/\/www.promajna-tours.hr\/#organization","name":"Promajna Tours d.o.o.","url":"https:\/\/www.promajna-tours.hr\/","logo":{"@type":"ImageObject","inLanguage":"sk-SK","@id":"https:\/\/www.promajna-tours.hr\/#\/schema\/logo\/image\/","url":"https:\/\/www.promajna-tours.hr\/wp-content\/uploads\/2021\/11\/logo-novi.png","contentUrl":"https:\/\/www.promajna-tours.hr\/wp-content\/uploads\/2021\/11\/logo-novi.png","width":216,"height":129,"caption":"Promajna Tours d.o.o."},"image":{"@id":"https:\/\/www.promajna-tours.hr\/#\/schema\/logo\/image\/"},"sameAs":["https:\/\/www.facebook.com\/promajnatoursHR\/","https:\/\/twitter.com\/promajnatours","https:\/\/www.instagram.com\/promajnatours\/","https:\/\/www.youtube.com\/channel\/UCMDAfrJ-MCRDYzjXTBoVIXA"]},{"@type":"Person","@id":"https:\/\/www.promajna-tours.hr\/#\/schema\/person\/30cdf7862e38ec80cb2777061b6c27c0","name":"Promajna","sameAs":["https:\/\/www.promajna-tours.hr"],"url":"https:\/\/www.promajna-tours.hr\/sk\/author\/dubravko\/"}]}},"_links":{"self":[{"href":"https:\/\/www.promajna-tours.hr\/sk\/wp-json\/wp\/v2\/posts\/310241"}],"collection":[{"href":"https:\/\/www.promajna-tours.hr\/sk\/wp-json\/wp\/v2\/posts"}],"about":[{"href":"https:\/\/www.promajna-tours.hr\/sk\/wp-json\/wp\/v2\/types\/post"}],"author":[{"embeddable":true,"href":"https:\/\/www.promajna-tours.hr\/sk\/wp-json\/wp\/v2\/users\/1"}],"replies":[{"embeddable":true,"href":"https:\/\/www.promajna-tours.hr\/sk\/wp-json\/wp\/v2\/comments?post=310241"}],"version-history":[{"count":0,"href":"https:\/\/www.promajna-tours.hr\/sk\/wp-json\/wp\/v2\/posts\/310241\/revisions"}],"wp:attachment":[{"href":"https:\/\/www.promajna-tours.hr\/sk\/wp-json\/wp\/v2\/media?parent=310241"}],"wp:term":[{"taxonomy":"category","embeddable":true,"href":"https:\/\/www.promajna-tours.hr\/sk\/wp-json\/wp\/v2\/categories?post=310241"},{"taxonomy":"post_tag","embeddable":true,"href":"https:\/\/www.promajna-tours.hr\/sk\/wp-json\/wp\/v2\/tags?post=310241"}],"curies":[{"name":"wp","href":"https:\/\/api.w.org\/{rel}","templated":true}]}}