{"id":310258,"date":"2018-02-19T14:45:29","date_gmt":"2018-02-19T13:45:29","guid":{"rendered":"https:\/\/www.promajna-tours.hr\/malakologicke-muzeum\/"},"modified":"2018-02-19T14:45:29","modified_gmt":"2018-02-19T13:45:29","slug":"malakologicke-muzeum","status":"publish","type":"post","link":"https:\/\/www.promajna-tours.hr\/sk\/malakologicke-muzeum\/","title":{"rendered":"Malakologick\u00e9 m\u00fazeum"},"content":{"rendered":"<p>Od d\u00e1vnych \u010dias, polostrovy Osejava a Sveti Petar Cove boli pr\u00edrodn\u00e9 pr\u00edstre\u0161ky pre lode uloven\u00e9 v Jadranskom b\u00farke. Nie je to mal\u00fd z\u00e1zrak, \u017ee osada bola zalo\u017een\u00e1 na miestnom brehu. To za predpokladu, odpo\u010dinok a dod\u00e1vky pre pos\u00e1dky mnoh\u00fdch obchodn\u00fdch lod\u00ed, vojenskej fregaty, a ob\u010das pir\u00e1t, ktor\u00fd s\u013e\u00fabil, \u017ee sa nespr\u00e1vaj\u00fa na doky.<\/p>\n<p>T\u00e1to osada r\u00e1stla v\u00e4\u010d\u0161ia ako obchod vzr\u00e1stol, a to bolo vymenovan\u00e9 Makarska. Dnes, mnoho storo\u010d\u00ed po jeho zalo\u017eenia, je zn\u00e1my ako jeden z najkraj\u0161\u00edch pobre\u017en\u00fdch miest Chorv\u00e1tska, zn\u00e1my pre svoje kamenn\u00e9 dl\u00e1\u017eden\u00e9 ulice a mnoho paliem, ktor\u00e9 zdobia jeho hlavnej promen\u00e1dy. Vzh\u013eadom k svojej prirodzenej kr\u00e1se a ve\u013ek\u00e9 turistick\u00e9 kapacity, cel\u00fd regi\u00f3n, ktor\u00fd je v okol\u00ed mesta bola vymenovan\u00e1 na Makarskej rivi\u00e9re.<\/p>\n<p>Tak\u017ee to, \u010do je tam robi\u0165 a \u010do je tam vidie\u0165 v tomto Chorv\u00e1tskom meste? Tu je n\u00e1vrh:<\/p>\n<p><a href=\"https:\/\/www.promajna-tours.hr\/wp-content\/uploads\/2018\/02\/muzej.jpg\"><img decoding=\"async\" loading=\"lazy\" src=\"https:\/\/www.promajna-tours.hr\/wp-content\/uploads\/2018\/02\/muzej.jpg\" alt=\"muzej\" width=\"685\" height=\"397\" class=\"aligncenter size-full wp-image-259842\" \/><\/a><\/p>\n<p>Vzh\u013eadom k tomu, \u017ee v\u00e4\u010d\u0161ina \u017eivota v meste Makarska bola \u00fazko spojen\u00e1 s morom, miestni obyvatelia s\u00fa ur\u010dite odborn\u00edkmi v jeho fl\u00f3ry a fauny. <a href=\"\"https:\/\/www.promajna-tours.hr\/en\/\"\"><\/a> To je tie\u017e d\u00f4vod, pre\u010do nemaj\u00fa jeden, ale dve m\u00faze\u00e1 \u0161pecificky venovan\u00e9 podmorsk\u00fd \u017eivot. Jedn\u00fdm z nich je Malakologick\u00e9 m\u00fazeum, ktor\u00e9 sa nach\u00e1dza v \u0161estn\u00e1stom storo\u010d\u00ed franti\u0161k\u00e1nsky kl\u00e1\u0161tor (Franjevacki da\u0165 1), ako jeho zalo\u017eenia bol v\u00fdsledkom dvoch Mn\u00edchov s v\u00e1\u0161\u0148ou pre zhroma\u017e\u010fovanie a katalogiz\u00e1ciu mu\u0161le na svete. Ostatn\u00e9 by bolo Makarska m\u00fazeum r\u00fdb, krabov a mu\u0161l\u00ed, ktor\u00fd sa nach\u00e1dza v ulica FRA Filipa Grabovca BB. Obe tieto str\u00e1nky maj\u00fa po\u010detn\u00e9 expon\u00e1ty a prostriedky sa dozvedie\u0165 o r\u00ed\u0161i pod vlnami. Makarska m\u00e1 tie\u017e svoje vlastn\u00e9 mestsk\u00e9 m\u00fazeum a po\u010detn\u00e9 umeleck\u00e9 gal\u00e9rie s dielmi miestnych umelcov. <\/p>\n<p><a href=\"https:\/\/www.promajna-tours.hr\/wp-content\/uploads\/2018\/02\/muzej21.jpg\"><img decoding=\"async\" loading=\"lazy\" src=\"https:\/\/www.promajna-tours.hr\/wp-content\/uploads\/2018\/02\/muzej21.jpg\" alt=\"muzej2\" width=\"699\" height=\"519\" class=\"aligncenter size-full wp-image-259866\" \/><\/a><\/p>\n<p>S\u00eddli v franti\u0161k\u00e1nskom kl\u00e1\u0161tore sv Mary, toto Malakologick\u00e9 m\u00fazeum bolo zalo\u017een\u00e9 vedec a mn\u00edch mn\u00edch Jure Radi\u0107 (1920-1990) a jeho kolegovia v kl\u00e1\u0161tore. Vytvoren\u00e9 s starostliv\u00e9 pozornos\u0165 vedeck\u00e9 detaily a odhodlanie oslavova\u0165 skryt\u00e9 kr\u00e1sy vo svete okolo n\u00e1s (vr\u00e1tane pod morom), mn\u00edch Radi\u0107 vytvoril zbierku, ktor\u00e1 je najlep\u0161ie svojho druhu v krajine. <\/p>\n<p><a href=\"https:\/\/www.promajna-tours.hr\/wp-content\/uploads\/2018\/02\/radic1.jpg\"><img decoding=\"async\" loading=\"lazy\" src=\"https:\/\/www.promajna-tours.hr\/wp-content\/uploads\/2018\/02\/radic1.jpg\" alt=\"radic\" width=\"700\" height=\"403\" class=\"aligncenter size-full wp-image-259890\" \/><\/a><\/p>\n<p>Malacology je pobo\u010dka zool\u00f3gie, \u017ee \u0161t\u00fadie m\u00e4kk\u00fd\u0161ov-obrovsk\u00e1 pobo\u010dka \u017eivo\u010d\u00ed\u0161neho kr\u00e1\u013eovstva, ktor\u00e1 zah\u0155\u0148a v\u0161etko od slim\u00e1ky a slim\u00e1ky na chobotnicu a chobotnice plus ve\u013ea r\u00f4znych tvorov s \u0161krupinami. Existuje asi 3000 \u0161krupiny v jeho zbierke a zbierka bezstavovcov fos\u00edli\u00ed. Maj\u00fa tie\u017e zbierku na fl\u00f3ru pohoria Biokovo a jadranskej oblasti. Ich zbierka \u0161krup\u00edn obsahuje niektor\u00e9 ve\u013ekolep\u00e9 exempl\u00e1re z Jadranu, rovnako ako kr\u00e1sne \u0161krupiny z cel\u00e9ho sveta. Tak\u017ee, \u010di u\u017e ste za\u010d\u00ednaj\u00faci biol\u00f3g alebo len zvedav\u00fd okoloid\u00faci-by, tam bude ur\u010dite nie\u010do, \u010do bude ma\u0165 v\u00e1\u0161 dych pre\u010d.<\/p>\n<p><a href=\"https:\/\/www.promajna-tours.hr\/\"><\/a><\/p>\n","protected":false},"excerpt":{"rendered":"<p>Od d\u00e1vnych \u010dias, polostrovy Osejava a Sveti Petar Cove boli pr\u00edrodn\u00e9 pr\u00edstre\u0161ky pre lode uloven\u00e9 v Jadranskom b\u00farke. Nie je to mal\u00fd z\u00e1zrak, \u017ee osada bola zalo\u017een\u00e1 na miestnom brehu. To za predpokladu, odpo\u010dinok a dod\u00e1vky pre pos\u00e1dky mnoh\u00fdch obchodn\u00fdch lod\u00ed, vojenskej fregaty, a ob\u010das pir\u00e1t, ktor\u00fd s\u013e\u00fabil, \u017ee sa nespr\u00e1vaj\u00fa na doky. T\u00e1to osada&#8230;<\/p>\n","protected":false},"author":1,"featured_media":309939,"comment_status":"closed","ping_status":"closed","sticky":false,"template":"","format":"standard","meta":[],"categories":[306],"tags":[982,983,947,985,986],"acf":[],"yoast_head":"<!-- This site is optimized with the Yoast SEO plugin v20.6 - https:\/\/yoast.com\/wordpress\/plugins\/seo\/ -->\n<title>Malakologick\u00e9 m\u00fazeum - Promajna Tours<\/title>\n<meta name=\"robots\" content=\"index, follow, max-snippet:-1, max-image-preview:large, max-video-preview:-1\" \/>\n<link rel=\"canonical\" href=\"https:\/\/www.promajna-tours.hr\/sk\/malakologicke-muzeum\/\" \/>\n<meta property=\"og:locale\" content=\"sk_SK\" \/>\n<meta property=\"og:type\" content=\"article\" \/>\n<meta property=\"og:title\" content=\"Malakologick\u00e9 m\u00fazeum - Promajna Tours\" \/>\n<meta property=\"og:description\" content=\"Od d\u00e1vnych \u010dias, polostrovy Osejava a Sveti Petar Cove boli pr\u00edrodn\u00e9 pr\u00edstre\u0161ky pre lode uloven\u00e9 v Jadranskom b\u00farke. Nie je to mal\u00fd z\u00e1zrak, \u017ee osada bola zalo\u017een\u00e1 na miestnom brehu. To za predpokladu, odpo\u010dinok a dod\u00e1vky pre pos\u00e1dky mnoh\u00fdch obchodn\u00fdch lod\u00ed, vojenskej fregaty, a ob\u010das pir\u00e1t, ktor\u00fd s\u013e\u00fabil, \u017ee sa nespr\u00e1vaj\u00fa na doky. T\u00e1to osada...\" \/>\n<meta property=\"og:url\" content=\"https:\/\/www.promajna-tours.hr\/sk\/malakologicke-muzeum\/\" \/>\n<meta property=\"og:site_name\" content=\"Promajna Tours\" \/>\n<meta property=\"article:publisher\" content=\"https:\/\/www.facebook.com\/promajnatoursHR\/\" \/>\n<meta property=\"article:published_time\" content=\"2018-02-19T13:45:29+00:00\" \/>\n<meta property=\"og:image\" content=\"https:\/\/www.promajna-tours.hr\/wp-content\/uploads\/2022\/02\/makarska-riva.jpg\" \/>\n\t<meta property=\"og:image:width\" content=\"500\" \/>\n\t<meta property=\"og:image:height\" content=\"318\" \/>\n\t<meta property=\"og:image:type\" content=\"image\/jpeg\" \/>\n<meta name=\"author\" content=\"Promajna\" \/>\n<meta name=\"twitter:card\" content=\"summary_large_image\" \/>\n<meta name=\"twitter:creator\" content=\"@promajnatours\" \/>\n<meta name=\"twitter:site\" content=\"@promajnatours\" \/>\n<meta name=\"twitter:label1\" content=\"Autor\" \/>\n\t<meta name=\"twitter:data1\" content=\"Promajna\" \/>\n\t<meta name=\"twitter:label2\" content=\"Predpokladan\u00fd \u010das \u010d\u00edtania\" \/>\n\t<meta name=\"twitter:data2\" content=\"2 min\u00faty\" \/>\n<script type=\"application\/ld+json\" class=\"yoast-schema-graph\">{\"@context\":\"https:\/\/schema.org\",\"@graph\":[{\"@type\":\"Article\",\"@id\":\"https:\/\/www.promajna-tours.hr\/sk\/malakologicke-muzeum\/#article\",\"isPartOf\":{\"@id\":\"https:\/\/www.promajna-tours.hr\/sk\/malakologicke-muzeum\/\"},\"author\":{\"name\":\"Promajna\",\"@id\":\"https:\/\/www.promajna-tours.hr\/#\/schema\/person\/30cdf7862e38ec80cb2777061b6c27c0\"},\"headline\":\"Malakologick\u00e9 m\u00fazeum\",\"datePublished\":\"2018-02-19T13:45:29+00:00\",\"dateModified\":\"2018-02-19T13:45:29+00:00\",\"mainEntityOfPage\":{\"@id\":\"https:\/\/www.promajna-tours.hr\/sk\/malakologicke-muzeum\/\"},\"wordCount\":500,\"publisher\":{\"@id\":\"https:\/\/www.promajna-tours.hr\/#organization\"},\"keywords\":[\"Hist\u00f3ria Makarskej\",\"Makarska City\",\"Makarska Museum\",\"Makarsk\u00e1 p\u00f4vod\",\"Malakologick\u00e9 Museum\"],\"articleSection\":[\"Spr\u00e1vy\"],\"inLanguage\":\"sk-SK\"},{\"@type\":\"WebPage\",\"@id\":\"https:\/\/www.promajna-tours.hr\/sk\/malakologicke-muzeum\/\",\"url\":\"https:\/\/www.promajna-tours.hr\/sk\/malakologicke-muzeum\/\",\"name\":\"Malakologick\u00e9 m\u00fazeum - Promajna Tours\",\"isPartOf\":{\"@id\":\"https:\/\/www.promajna-tours.hr\/#website\"},\"datePublished\":\"2018-02-19T13:45:29+00:00\",\"dateModified\":\"2018-02-19T13:45:29+00:00\",\"breadcrumb\":{\"@id\":\"https:\/\/www.promajna-tours.hr\/sk\/malakologicke-muzeum\/#breadcrumb\"},\"inLanguage\":\"sk-SK\",\"potentialAction\":[{\"@type\":\"ReadAction\",\"target\":[\"https:\/\/www.promajna-tours.hr\/sk\/malakologicke-muzeum\/\"]}]},{\"@type\":\"BreadcrumbList\",\"@id\":\"https:\/\/www.promajna-tours.hr\/sk\/malakologicke-muzeum\/#breadcrumb\",\"itemListElement\":[{\"@type\":\"ListItem\",\"position\":1,\"name\":\"Po\u010detna stranica\",\"item\":\"https:\/\/www.promajna-tours.hr\/sk\/\"},{\"@type\":\"ListItem\",\"position\":2,\"name\":\"Malakologick\u00e9 m\u00fazeum\"}]},{\"@type\":\"WebSite\",\"@id\":\"https:\/\/www.promajna-tours.hr\/#website\",\"url\":\"https:\/\/www.promajna-tours.hr\/\",\"name\":\"Promajna Tours\",\"description\":\"Apartmani Makarska rivijera\",\"publisher\":{\"@id\":\"https:\/\/www.promajna-tours.hr\/#organization\"},\"potentialAction\":[{\"@type\":\"SearchAction\",\"target\":{\"@type\":\"EntryPoint\",\"urlTemplate\":\"https:\/\/www.promajna-tours.hr\/?s={search_term_string}\"},\"query-input\":\"required name=search_term_string\"}],\"inLanguage\":\"sk-SK\"},{\"@type\":\"Organization\",\"@id\":\"https:\/\/www.promajna-tours.hr\/#organization\",\"name\":\"Promajna Tours d.o.o.\",\"url\":\"https:\/\/www.promajna-tours.hr\/\",\"logo\":{\"@type\":\"ImageObject\",\"inLanguage\":\"sk-SK\",\"@id\":\"https:\/\/www.promajna-tours.hr\/#\/schema\/logo\/image\/\",\"url\":\"https:\/\/www.promajna-tours.hr\/wp-content\/uploads\/2021\/11\/logo-novi.png\",\"contentUrl\":\"https:\/\/www.promajna-tours.hr\/wp-content\/uploads\/2021\/11\/logo-novi.png\",\"width\":216,\"height\":129,\"caption\":\"Promajna Tours d.o.o.\"},\"image\":{\"@id\":\"https:\/\/www.promajna-tours.hr\/#\/schema\/logo\/image\/\"},\"sameAs\":[\"https:\/\/www.facebook.com\/promajnatoursHR\/\",\"https:\/\/twitter.com\/promajnatours\",\"https:\/\/www.instagram.com\/promajnatours\/\",\"https:\/\/www.youtube.com\/channel\/UCMDAfrJ-MCRDYzjXTBoVIXA\"]},{\"@type\":\"Person\",\"@id\":\"https:\/\/www.promajna-tours.hr\/#\/schema\/person\/30cdf7862e38ec80cb2777061b6c27c0\",\"name\":\"Promajna\",\"sameAs\":[\"https:\/\/www.promajna-tours.hr\"],\"url\":\"https:\/\/www.promajna-tours.hr\/sk\/author\/dubravko\/\"}]}<\/script>\n<!-- \/ Yoast SEO plugin. -->","yoast_head_json":{"title":"Malakologick\u00e9 m\u00fazeum - Promajna Tours","robots":{"index":"index","follow":"follow","max-snippet":"max-snippet:-1","max-image-preview":"max-image-preview:large","max-video-preview":"max-video-preview:-1"},"canonical":"https:\/\/www.promajna-tours.hr\/sk\/malakologicke-muzeum\/","og_locale":"sk_SK","og_type":"article","og_title":"Malakologick\u00e9 m\u00fazeum - Promajna Tours","og_description":"Od d\u00e1vnych \u010dias, polostrovy Osejava a Sveti Petar Cove boli pr\u00edrodn\u00e9 pr\u00edstre\u0161ky pre lode uloven\u00e9 v Jadranskom b\u00farke. Nie je to mal\u00fd z\u00e1zrak, \u017ee osada bola zalo\u017een\u00e1 na miestnom brehu. To za predpokladu, odpo\u010dinok a dod\u00e1vky pre pos\u00e1dky mnoh\u00fdch obchodn\u00fdch lod\u00ed, vojenskej fregaty, a ob\u010das pir\u00e1t, ktor\u00fd s\u013e\u00fabil, \u017ee sa nespr\u00e1vaj\u00fa na doky. T\u00e1to osada...","og_url":"https:\/\/www.promajna-tours.hr\/sk\/malakologicke-muzeum\/","og_site_name":"Promajna Tours","article_publisher":"https:\/\/www.facebook.com\/promajnatoursHR\/","article_published_time":"2018-02-19T13:45:29+00:00","og_image":[{"width":500,"height":318,"url":"https:\/\/www.promajna-tours.hr\/wp-content\/uploads\/2022\/02\/makarska-riva.jpg","type":"image\/jpeg"}],"author":"Promajna","twitter_card":"summary_large_image","twitter_creator":"@promajnatours","twitter_site":"@promajnatours","twitter_misc":{"Autor":"Promajna","Predpokladan\u00fd \u010das \u010d\u00edtania":"2 min\u00faty"},"schema":{"@context":"https:\/\/schema.org","@graph":[{"@type":"Article","@id":"https:\/\/www.promajna-tours.hr\/sk\/malakologicke-muzeum\/#article","isPartOf":{"@id":"https:\/\/www.promajna-tours.hr\/sk\/malakologicke-muzeum\/"},"author":{"name":"Promajna","@id":"https:\/\/www.promajna-tours.hr\/#\/schema\/person\/30cdf7862e38ec80cb2777061b6c27c0"},"headline":"Malakologick\u00e9 m\u00fazeum","datePublished":"2018-02-19T13:45:29+00:00","dateModified":"2018-02-19T13:45:29+00:00","mainEntityOfPage":{"@id":"https:\/\/www.promajna-tours.hr\/sk\/malakologicke-muzeum\/"},"wordCount":500,"publisher":{"@id":"https:\/\/www.promajna-tours.hr\/#organization"},"keywords":["Hist\u00f3ria Makarskej","Makarska City","Makarska Museum","Makarsk\u00e1 p\u00f4vod","Malakologick\u00e9 Museum"],"articleSection":["Spr\u00e1vy"],"inLanguage":"sk-SK"},{"@type":"WebPage","@id":"https:\/\/www.promajna-tours.hr\/sk\/malakologicke-muzeum\/","url":"https:\/\/www.promajna-tours.hr\/sk\/malakologicke-muzeum\/","name":"Malakologick\u00e9 m\u00fazeum - Promajna Tours","isPartOf":{"@id":"https:\/\/www.promajna-tours.hr\/#website"},"datePublished":"2018-02-19T13:45:29+00:00","dateModified":"2018-02-19T13:45:29+00:00","breadcrumb":{"@id":"https:\/\/www.promajna-tours.hr\/sk\/malakologicke-muzeum\/#breadcrumb"},"inLanguage":"sk-SK","potentialAction":[{"@type":"ReadAction","target":["https:\/\/www.promajna-tours.hr\/sk\/malakologicke-muzeum\/"]}]},{"@type":"BreadcrumbList","@id":"https:\/\/www.promajna-tours.hr\/sk\/malakologicke-muzeum\/#breadcrumb","itemListElement":[{"@type":"ListItem","position":1,"name":"Po\u010detna stranica","item":"https:\/\/www.promajna-tours.hr\/sk\/"},{"@type":"ListItem","position":2,"name":"Malakologick\u00e9 m\u00fazeum"}]},{"@type":"WebSite","@id":"https:\/\/www.promajna-tours.hr\/#website","url":"https:\/\/www.promajna-tours.hr\/","name":"Promajna Tours","description":"Apartmani Makarska rivijera","publisher":{"@id":"https:\/\/www.promajna-tours.hr\/#organization"},"potentialAction":[{"@type":"SearchAction","target":{"@type":"EntryPoint","urlTemplate":"https:\/\/www.promajna-tours.hr\/?s={search_term_string}"},"query-input":"required name=search_term_string"}],"inLanguage":"sk-SK"},{"@type":"Organization","@id":"https:\/\/www.promajna-tours.hr\/#organization","name":"Promajna Tours d.o.o.","url":"https:\/\/www.promajna-tours.hr\/","logo":{"@type":"ImageObject","inLanguage":"sk-SK","@id":"https:\/\/www.promajna-tours.hr\/#\/schema\/logo\/image\/","url":"https:\/\/www.promajna-tours.hr\/wp-content\/uploads\/2021\/11\/logo-novi.png","contentUrl":"https:\/\/www.promajna-tours.hr\/wp-content\/uploads\/2021\/11\/logo-novi.png","width":216,"height":129,"caption":"Promajna Tours d.o.o."},"image":{"@id":"https:\/\/www.promajna-tours.hr\/#\/schema\/logo\/image\/"},"sameAs":["https:\/\/www.facebook.com\/promajnatoursHR\/","https:\/\/twitter.com\/promajnatours","https:\/\/www.instagram.com\/promajnatours\/","https:\/\/www.youtube.com\/channel\/UCMDAfrJ-MCRDYzjXTBoVIXA"]},{"@type":"Person","@id":"https:\/\/www.promajna-tours.hr\/#\/schema\/person\/30cdf7862e38ec80cb2777061b6c27c0","name":"Promajna","sameAs":["https:\/\/www.promajna-tours.hr"],"url":"https:\/\/www.promajna-tours.hr\/sk\/author\/dubravko\/"}]}},"_links":{"self":[{"href":"https:\/\/www.promajna-tours.hr\/sk\/wp-json\/wp\/v2\/posts\/310258"}],"collection":[{"href":"https:\/\/www.promajna-tours.hr\/sk\/wp-json\/wp\/v2\/posts"}],"about":[{"href":"https:\/\/www.promajna-tours.hr\/sk\/wp-json\/wp\/v2\/types\/post"}],"author":[{"embeddable":true,"href":"https:\/\/www.promajna-tours.hr\/sk\/wp-json\/wp\/v2\/users\/1"}],"replies":[{"embeddable":true,"href":"https:\/\/www.promajna-tours.hr\/sk\/wp-json\/wp\/v2\/comments?post=310258"}],"version-history":[{"count":0,"href":"https:\/\/www.promajna-tours.hr\/sk\/wp-json\/wp\/v2\/posts\/310258\/revisions"}],"wp:featuredmedia":[{"embeddable":true,"href":"https:\/\/www.promajna-tours.hr\/sk\/wp-json\/wp\/v2\/media\/309939"}],"wp:attachment":[{"href":"https:\/\/www.promajna-tours.hr\/sk\/wp-json\/wp\/v2\/media?parent=310258"}],"wp:term":[{"taxonomy":"category","embeddable":true,"href":"https:\/\/www.promajna-tours.hr\/sk\/wp-json\/wp\/v2\/categories?post=310258"},{"taxonomy":"post_tag","embeddable":true,"href":"https:\/\/www.promajna-tours.hr\/sk\/wp-json\/wp\/v2\/tags?post=310258"}],"curies":[{"name":"wp","href":"https:\/\/api.w.org\/{rel}","templated":true}]}}